{"id":3628,"date":"2011-11-26T11:40:15","date_gmt":"2011-11-26T09:40:15","guid":{"rendered":"http:\/\/www.chavinandez.com\/blog\/?p=3628"},"modified":"2013-01-06T00:21:16","modified_gmt":"2013-01-05T23:21:16","slug":"avenatur-2011-abre-sus-puertas","status":"publish","type":"post","link":"https:\/\/www.chavinandez.com\/blog\/avenatur-2011-abre-sus-puertas\/","title":{"rendered":"Avenatur 2011 abre sus puertas"},"content":{"rendered":"<p><a href=\"https:\/\/www.chavinandez.com\/blog\/wp-content\/uploads\/2011\/11\/avenatur2011.jpg\"><img loading=\"lazy\" decoding=\"async\" class=\"alignnone size-full wp-image-3627\" title=\"avenatur2011\" alt=\"\" src=\"https:\/\/www.chavinandez.com\/blog\/wp-content\/uploads\/2011\/11\/avenatur2011.jpg\" width=\"500\" height=\"331\" srcset=\"https:\/\/www.chavinandez.com\/blog\/wp-content\/uploads\/2011\/11\/avenatur2011.jpg 650w, https:\/\/www.chavinandez.com\/blog\/wp-content\/uploads\/2011\/11\/avenatur2011-200x132.jpg 200w, https:\/\/www.chavinandez.com\/blog\/wp-content\/uploads\/2011\/11\/avenatur2011-452x300.jpg 452w\" sizes=\"auto, (max-width: 500px) 100vw, 500px\" \/><\/a><\/p>\n<p style=\"text-align: justify;\">25, 26 y 27 de noviembre son los d\u00edas que se dan cita en Sari\u00f1ena ( Huesca ) la feria bianual de <a href=\"http:\/\/www.avenatur.com\/\" target=\"_blank\">AVENATUR<\/a>. Una cita ineludible para quienes desean ver de cerca un sinf\u00edn de especies de aves entre las que destacan gallin\u00e1ceas, ocas, palomas y otras muchas&#8230;. adem\u00e1s de otros hu\u00e9spedes de corral como los conejos, de muchos tipos y tama\u00f1os, que son expuestos durante este fin de semana. Por otro lado un serie de conferencias cuyo nexo es el turismo, la ganader\u00eda y la ornitolog\u00eda cubren junto a varias exposiciones de naturaleza (en colaboraci\u00f3n con ASAFONA) y de paisaje monegrino ( por Fernando Gonzalez Seral), un programa lleno de experiencias del entorno y la vida rural. Una feria sin duda muy recomendable para visitar con toda la familia. Abierto hasta el domingo 27 de noviembre a mediod\u00eda.<\/p>\n","protected":false},"excerpt":{"rendered":"<p>25, 26 y 27 de noviembre son los d\u00edas que se dan cita en Sari\u00f1ena ( Huesca ) la feria bianual de AVENATUR. Una cita ineludible para quienes desean ver de cerca un sinf\u00edn de especies de aves entre las que destacan gallin\u00e1ceas, ocas, palomas y otras muchas&#8230;. adem\u00e1s de &#8230;<\/p>\n","protected":false},"author":1,"featured_media":3627,"comment_status":"open","ping_status":"closed","sticky":false,"template":"","format":"standard","meta":{"footnotes":""},"categories":[7,305,356,23,223],"tags":[1226,1225,1227,201,217,157,1179,554],"class_list":["post-3628","post","type-post","status-publish","format-standard","has-post-thumbnail","hentry","category-experiencias","category-exposiciones","category-novedades","category-promocion","category-reportajes","tag-avenatur","tag-avenatur-2011","tag-aves-de-corral","tag-ferias","tag-ganaderia","tag-huesca","tag-mundo-rural","tag-sarinena","column","threecol","has-thumbnail"],"_links":{"self":[{"href":"https:\/\/www.chavinandez.com\/blog\/wp-json\/wp\/v2\/posts\/3628","targetHints":{"allow":["GET"]}}],"collection":[{"href":"https:\/\/www.chavinandez.com\/blog\/wp-json\/wp\/v2\/posts"}],"about":[{"href":"https:\/\/www.chavinandez.com\/blog\/wp-json\/wp\/v2\/types\/post"}],"author":[{"embeddable":true,"href":"https:\/\/www.chavinandez.com\/blog\/wp-json\/wp\/v2\/users\/1"}],"replies":[{"embeddable":true,"href":"https:\/\/www.chavinandez.com\/blog\/wp-json\/wp\/v2\/comments?post=3628"}],"version-history":[{"count":4,"href":"https:\/\/www.chavinandez.com\/blog\/wp-json\/wp\/v2\/posts\/3628\/revisions"}],"predecessor-version":[{"id":4447,"href":"https:\/\/www.chavinandez.com\/blog\/wp-json\/wp\/v2\/posts\/3628\/revisions\/4447"}],"wp:featuredmedia":[{"embeddable":true,"href":"https:\/\/www.chavinandez.com\/blog\/wp-json\/wp\/v2\/media\/3627"}],"wp:attachment":[{"href":"https:\/\/www.chavinandez.com\/blog\/wp-json\/wp\/v2\/media?parent=3628"}],"wp:term":[{"taxonomy":"category","embeddable":true,"href":"https:\/\/www.chavinandez.com\/blog\/wp-json\/wp\/v2\/categories?post=3628"},{"taxonomy":"post_tag","embeddable":true,"href":"https:\/\/www.chavinandez.com\/blog\/wp-json\/wp\/v2\/tags?post=3628"}],"curies":[{"name":"wp","href":"https:\/\/api.w.org\/{rel}","templated":true}]}}