{"id":3544,"date":"2011-09-14T14:02:00","date_gmt":"2011-09-14T12:02:00","guid":{"rendered":"http:\/\/www.chavinandez.com\/blog\/?p=3544"},"modified":"2011-09-14T14:02:00","modified_gmt":"2011-09-14T12:02:00","slug":"photolocus-ultima-el-calendario-de-actividades-de-fotografia-para-2012","status":"publish","type":"post","link":"https:\/\/www.chavinandez.com\/blog\/photolocus-ultima-el-calendario-de-actividades-de-fotografia-para-2012\/","title":{"rendered":"Photolocus ultima el calendario de actividades de fotograf\u00eda para 2012"},"content":{"rendered":"<p><a href=\"https:\/\/www.chavinandez.com\/blog\/wp-content\/uploads\/2011\/09\/calendario.jpg\"><img loading=\"lazy\" decoding=\"async\" class=\"alignnone size-full wp-image-3543\" title=\"calendario\" src=\"https:\/\/www.chavinandez.com\/blog\/wp-content\/uploads\/2011\/09\/calendario.jpg\" alt=\"\" width=\"500\" height=\"332\" srcset=\"https:\/\/www.chavinandez.com\/blog\/wp-content\/uploads\/2011\/09\/calendario.jpg 650w, https:\/\/www.chavinandez.com\/blog\/wp-content\/uploads\/2011\/09\/calendario-200x132.jpg 200w, https:\/\/www.chavinandez.com\/blog\/wp-content\/uploads\/2011\/09\/calendario-451x300.jpg 451w\" sizes=\"auto, (max-width: 500px) 100vw, 500px\" \/><\/a><\/p>\n<p><a href=\"http:\/\/www.photolocus.net\" target=\"_blank\">Photolocus<\/a> acaba de publicar el calendario del primer semestre de los Talleres de Fin de semana para 2012. Destinos nuevos como Matarra\u00f1a, Maestrazgo, Mallos de Riglos se a\u00f1aden a la oferta fotogr\u00e1fica por Arag\u00f3n y otras expediciones fotogr\u00e1ficas fuera de Espa\u00f1a, como Lisboa, Islandia, Laponia, Camarga y la Provenza francesa o la Toscana italiana, ya definidas, ser\u00e1n incluidas en los pr\u00f3ximos meses por las agencias de viajes colaboradoras con el proyecto.<\/p>\n","protected":false},"excerpt":{"rendered":"<p>Photolocus acaba de publicar el calendario del primer semestre de los Talleres de Fin de semana para 2012. Destinos nuevos como Matarra\u00f1a, Maestrazgo, Mallos de Riglos se a\u00f1aden a la oferta fotogr\u00e1fica por Arag\u00f3n y otras expediciones fotogr\u00e1ficas fuera de Espa\u00f1a, como Lisboa, Islandia, Laponia, Camarga y la Provenza francesa &#8230;<\/p>\n","protected":false},"author":1,"featured_media":0,"comment_status":"open","ping_status":"closed","sticky":false,"template":"","format":"standard","meta":{"footnotes":""},"categories":[159,36,356,37,11],"tags":[1201,265,1200,1203,890,1202,641],"class_list":["post-3544","post","type-post","status-publish","format-standard","hentry","category-destinos","category-fotografia","category-novedades","category-talleres","category-httpwwwlabatiruralcomwordpress","tag-camarga","tag-islandia","tag-laponia","tag-photo-tours","tag-photo-trips","tag-toscana-italiana","tag-viajes-fotograficos","column","threecol"],"_links":{"self":[{"href":"https:\/\/www.chavinandez.com\/blog\/wp-json\/wp\/v2\/posts\/3544","targetHints":{"allow":["GET"]}}],"collection":[{"href":"https:\/\/www.chavinandez.com\/blog\/wp-json\/wp\/v2\/posts"}],"about":[{"href":"https:\/\/www.chavinandez.com\/blog\/wp-json\/wp\/v2\/types\/post"}],"author":[{"embeddable":true,"href":"https:\/\/www.chavinandez.com\/blog\/wp-json\/wp\/v2\/users\/1"}],"replies":[{"embeddable":true,"href":"https:\/\/www.chavinandez.com\/blog\/wp-json\/wp\/v2\/comments?post=3544"}],"version-history":[{"count":1,"href":"https:\/\/www.chavinandez.com\/blog\/wp-json\/wp\/v2\/posts\/3544\/revisions"}],"predecessor-version":[{"id":3545,"href":"https:\/\/www.chavinandez.com\/blog\/wp-json\/wp\/v2\/posts\/3544\/revisions\/3545"}],"wp:attachment":[{"href":"https:\/\/www.chavinandez.com\/blog\/wp-json\/wp\/v2\/media?parent=3544"}],"wp:term":[{"taxonomy":"category","embeddable":true,"href":"https:\/\/www.chavinandez.com\/blog\/wp-json\/wp\/v2\/categories?post=3544"},{"taxonomy":"post_tag","embeddable":true,"href":"https:\/\/www.chavinandez.com\/blog\/wp-json\/wp\/v2\/tags?post=3544"}],"curies":[{"name":"wp","href":"https:\/\/api.w.org\/{rel}","templated":true}]}}