{"id":3467,"date":"2011-06-13T13:57:57","date_gmt":"2011-06-13T11:57:57","guid":{"rendered":"http:\/\/www.chavinandez.com\/blog\/?p=3467"},"modified":"2011-06-13T13:57:57","modified_gmt":"2011-06-13T11:57:57","slug":"el-maravilloso-mundo-del-macro","status":"publish","type":"post","link":"https:\/\/www.chavinandez.com\/blog\/el-maravilloso-mundo-del-macro\/","title":{"rendered":"El maravilloso mundo del Macro"},"content":{"rendered":"<p><a href=\"https:\/\/www.chavinandez.com\/blog\/wp-content\/uploads\/2011\/06\/primavera-2011.jpg\"><img loading=\"lazy\" decoding=\"async\" class=\"alignnone size-full wp-image-3468\" title=\"primavera-2011\" src=\"https:\/\/www.chavinandez.com\/blog\/wp-content\/uploads\/2011\/06\/primavera-2011.jpg\" alt=\"\" width=\"500\" height=\"331\" srcset=\"https:\/\/www.chavinandez.com\/blog\/wp-content\/uploads\/2011\/06\/primavera-2011.jpg 800w, https:\/\/www.chavinandez.com\/blog\/wp-content\/uploads\/2011\/06\/primavera-2011-200x132.jpg 200w, https:\/\/www.chavinandez.com\/blog\/wp-content\/uploads\/2011\/06\/primavera-2011-452x300.jpg 452w\" sizes=\"auto, (max-width: 500px) 100vw, 500px\" \/><\/a><\/p>\n<p>Este fin de semana he tenido la suerte de poder asistir al <a href=\"http:\/\/www.photolocus.net\/shop\/talleres-de-fin-de-semana\/60-taller-de-fotografia-macro-en-hecho.html\" target=\"_blank\">Taller de Macrofotograf\u00eda<\/a> que ha impartido <a href=\"http:\/\/www.marzalymarzal.es\" target=\"_blank\">Rafael Marzal Lamana<\/a>, en el Valle de Echo, en pirineo aragon\u00e9s y dentro del calendario de actividades organizadas por Photolocus.net.<\/p>\n<p><!--more--><br \/>\n<a href=\"https:\/\/www.chavinandez.com\/blog\/wp-content\/uploads\/2011\/06\/primavera-2011-2.jpg\"><img loading=\"lazy\" decoding=\"async\" class=\"size-full wp-image-3469 alignleft\" style=\"margin: 10px;\" title=\"primavera-2011-2\" src=\"https:\/\/www.chavinandez.com\/blog\/wp-content\/uploads\/2011\/06\/primavera-2011-2.jpg\" alt=\"\" width=\"331\" height=\"500\" srcset=\"https:\/\/www.chavinandez.com\/blog\/wp-content\/uploads\/2011\/06\/primavera-2011-2.jpg 331w, https:\/\/www.chavinandez.com\/blog\/wp-content\/uploads\/2011\/06\/primavera-2011-2-99x150.jpg 99w, https:\/\/www.chavinandez.com\/blog\/wp-content\/uploads\/2011\/06\/primavera-2011-2-198x300.jpg 198w\" sizes=\"auto, (max-width: 331px) 100vw, 331px\" \/><\/a><\/p>\n<p style=\"text-align: justify;\">Una vez m\u00e1s y siguiendo la filosof\u00eda de Fotolocus, Rafael Marzal demostr\u00f3 que la macrofotograf\u00eda no es siempre una cuesti\u00f3n de trabajar unicamente con objetivos espec\u00edficos para macro y c\u00e1maras de \u00faltima generaci\u00f3n, sino que a veces puede ser suficiente con proveerse de unos cuantos accesorios concretos como <a href=\"http:\/\/www.uwdreams.com\/blog\/?p=35\" target=\"_blank\">lentes de aproximaci\u00f3n<\/a> de dos o tres dioptr\u00edas, los famosos anillos de extensi\u00f3n o unos anillos inversores que nos permiten dar la vuelta al objetivo que utilizamos.<\/p>\n<p style=\"text-align: justify;\">Todo ello est\u00e1 actualmente asequible para todos los bolsillos, y es una forma de experimentar con esta t\u00e9cnica no muy conocida, pero que nos ayuda\u00a0 a conseguir im\u00e1genes macro sorprendentes y llenas de detalles, qu a simple vista ser\u00eda imposible descubrir.<\/p>\n<p style=\"text-align: justify;\">La experiencia en general, de unos y otros ha sido sin duda excelente gracias a poder compartir unas horas con este gran conocedor del mundo desapercibido y estupendo comunicador, que nos ha permitido ir descubriendo ante nuestros ojos, la realidad min\u00fascula de flora y sus peque\u00f1os habitantes. Desde aqu\u00ed mi mas sincera enhorabuena y agradecimiento al se\u00f1or <a href=\"http:\/\/www.marzalymarzal.es\/\" target=\"_blank\">Marzal<\/a>.<\/p>\n<p style=\"text-align: justify;\">\n","protected":false},"excerpt":{"rendered":"<p>Este fin de semana he tenido la suerte de poder asistir al Taller de Macrofotograf\u00eda que ha impartido Rafael Marzal Lamana, en el Valle de Echo, en pirineo aragon\u00e9s y dentro del calendario de actividades organizadas por Photolocus.net.<\/p>\n","protected":false},"author":1,"featured_media":0,"comment_status":"open","ping_status":"closed","sticky":false,"template":"","format":"standard","meta":{"footnotes":""},"categories":[7,37,178],"tags":[184,233,668,1174,1175],"class_list":["post-3467","post","type-post","status-publish","format-standard","hentry","category-experiencias","category-talleres","category-trucos","tag-cursos-de-fotografia","tag-macro","tag-pirineos-fotografia","tag-talleres-de-macrofotografia","tag-valle-de-echo","column","threecol"],"_links":{"self":[{"href":"https:\/\/www.chavinandez.com\/blog\/wp-json\/wp\/v2\/posts\/3467","targetHints":{"allow":["GET"]}}],"collection":[{"href":"https:\/\/www.chavinandez.com\/blog\/wp-json\/wp\/v2\/posts"}],"about":[{"href":"https:\/\/www.chavinandez.com\/blog\/wp-json\/wp\/v2\/types\/post"}],"author":[{"embeddable":true,"href":"https:\/\/www.chavinandez.com\/blog\/wp-json\/wp\/v2\/users\/1"}],"replies":[{"embeddable":true,"href":"https:\/\/www.chavinandez.com\/blog\/wp-json\/wp\/v2\/comments?post=3467"}],"version-history":[{"count":1,"href":"https:\/\/www.chavinandez.com\/blog\/wp-json\/wp\/v2\/posts\/3467\/revisions"}],"predecessor-version":[{"id":3470,"href":"https:\/\/www.chavinandez.com\/blog\/wp-json\/wp\/v2\/posts\/3467\/revisions\/3470"}],"wp:attachment":[{"href":"https:\/\/www.chavinandez.com\/blog\/wp-json\/wp\/v2\/media?parent=3467"}],"wp:term":[{"taxonomy":"category","embeddable":true,"href":"https:\/\/www.chavinandez.com\/blog\/wp-json\/wp\/v2\/categories?post=3467"},{"taxonomy":"post_tag","embeddable":true,"href":"https:\/\/www.chavinandez.com\/blog\/wp-json\/wp\/v2\/tags?post=3467"}],"curies":[{"name":"wp","href":"https:\/\/api.w.org\/{rel}","templated":true}]}}