{"id":3247,"date":"2011-03-09T12:45:04","date_gmt":"2011-03-09T10:45:04","guid":{"rendered":"http:\/\/www.chavinandez.com\/blog\/?p=3247"},"modified":"2011-03-09T12:45:04","modified_gmt":"2011-03-09T10:45:04","slug":"reflejos-de-naturaleza-la-revista-on-line-de-asafona","status":"publish","type":"post","link":"https:\/\/www.chavinandez.com\/blog\/reflejos-de-naturaleza-la-revista-on-line-de-asafona\/","title":{"rendered":"Reflejos de Naturaleza, la revista on-line de ASAFONA"},"content":{"rendered":"<p><a href=\"https:\/\/www.chavinandez.com\/blog\/wp-content\/uploads\/2011\/03\/portada.jpg\"><img loading=\"lazy\" decoding=\"async\" class=\"alignnone size-full wp-image-3249\" title=\"portada\" src=\"https:\/\/www.chavinandez.com\/blog\/wp-content\/uploads\/2011\/03\/portada.jpg\" alt=\"\" width=\"500\" height=\"473\" srcset=\"https:\/\/www.chavinandez.com\/blog\/wp-content\/uploads\/2011\/03\/portada.jpg 800w, https:\/\/www.chavinandez.com\/blog\/wp-content\/uploads\/2011\/03\/portada-158x150.jpg 158w, https:\/\/www.chavinandez.com\/blog\/wp-content\/uploads\/2011\/03\/portada-317x300.jpg 317w\" sizes=\"auto, (max-width: 500px) 100vw, 500px\" \/><\/a><\/p>\n<p>La <strong>Asociaci\u00f3n Aragonesa de Fot\u00f3grafos de Naturaleza<\/strong>, <strong><a href=\"http:\/\/www.asafona.es\">ASAFONA<\/a><\/strong>, acaba de lanzar una publicaci\u00f3n on-line gratuita, en formato de magazine mensual, bajo el t\u00edtulo &#8220;<a href=\"http:\/\/www.asafona.es\/revista\" target=\"_blank\"><strong>Reflejos de Naturaleza<\/strong><\/a>&#8221; que recoge art\u00edculos y reportajes principalmente de la naturaleza de Arag\u00f3n y cuyo objetivo es dar a conocer y promover a trav\u00e9s de sus socios, el gran valor de especies tanto de flora y fauna que se hayan en la Comunidad Aut\u00f3noma Aragonesa.<\/p>\n<p><strong>ASAFONA<\/strong> se constituye como asociaci\u00f3n sin \u00e1nimo de lucro el diecisiete de mayo de 2002 en la capital aragonesa y actualmente cuenta con casi un centenar de miembros, entre los que est\u00e1n principalmente amantes de la naturaleza y el paisaje aragon\u00e9s, fot\u00f3grafos amateur, profesionales, bi\u00f3logos, naturalistas y expertos en flora y fauna.<\/p>\n<p>Con esta publicaci\u00f3n mensual, la asociaci\u00f3n pretende hacer hincapi\u00e9 en el alto valor del patrimonio natural de Arag\u00f3n, de los ecosistemas que lo conforman y de la vida salvaje, endemismos y rarezas de nuestros espacios naturales. Asimismo, <strong>&#8220;Reflejos de Naturaleza&#8221;<\/strong> intenta recoger a trav\u00e9s de los testimonios, opiniones y experiencias de sus asociados, plasmados mediante reportajes y fotograf\u00edas, la necesidad de preservar nuestros entornos naturales, ante las constantes amenazas que por acci\u00f3n u omisi\u00f3n se puedan cometer por falta de informaci\u00f3n.<\/p>\n","protected":false},"excerpt":{"rendered":"<p>La Asociaci\u00f3n Aragonesa de Fot\u00f3grafos de Naturaleza, ASAFONA, acaba de lanzar una publicaci\u00f3n on-line gratuita, en formato de magazine mensual, bajo el t\u00edtulo &#8220;Reflejos de Naturaleza&#8221; que recoge art\u00edculos y reportajes principalmente de la naturaleza de Arag\u00f3n y cuyo objetivo es dar a conocer y promover a trav\u00e9s de sus &#8230;<\/p>\n","protected":false},"author":1,"featured_media":0,"comment_status":"open","ping_status":"closed","sticky":false,"template":"","format":"standard","meta":{"footnotes":""},"categories":[36,356,23,3,5],"tags":[144,934,370,198,1130,1129,1132,1131],"class_list":["post-3247","post","type-post","status-publish","format-standard","hentry","category-fotografia","category-novedades","category-promocion","category-videos","category-web-20","tag-asafona","tag-asociacion-aragonesa-de-fotografos-de-naturaleza","tag-fotografos-de-naturaleza","tag-publicaciones","tag-publicaciones-de-naturaleza","tag-reflejos-de-naturaleza","tag-revistas-de-naturaleza","tag-revistas-on-line","column","threecol"],"_links":{"self":[{"href":"https:\/\/www.chavinandez.com\/blog\/wp-json\/wp\/v2\/posts\/3247","targetHints":{"allow":["GET"]}}],"collection":[{"href":"https:\/\/www.chavinandez.com\/blog\/wp-json\/wp\/v2\/posts"}],"about":[{"href":"https:\/\/www.chavinandez.com\/blog\/wp-json\/wp\/v2\/types\/post"}],"author":[{"embeddable":true,"href":"https:\/\/www.chavinandez.com\/blog\/wp-json\/wp\/v2\/users\/1"}],"replies":[{"embeddable":true,"href":"https:\/\/www.chavinandez.com\/blog\/wp-json\/wp\/v2\/comments?post=3247"}],"version-history":[{"count":2,"href":"https:\/\/www.chavinandez.com\/blog\/wp-json\/wp\/v2\/posts\/3247\/revisions"}],"predecessor-version":[{"id":3250,"href":"https:\/\/www.chavinandez.com\/blog\/wp-json\/wp\/v2\/posts\/3247\/revisions\/3250"}],"wp:attachment":[{"href":"https:\/\/www.chavinandez.com\/blog\/wp-json\/wp\/v2\/media?parent=3247"}],"wp:term":[{"taxonomy":"category","embeddable":true,"href":"https:\/\/www.chavinandez.com\/blog\/wp-json\/wp\/v2\/categories?post=3247"},{"taxonomy":"post_tag","embeddable":true,"href":"https:\/\/www.chavinandez.com\/blog\/wp-json\/wp\/v2\/tags?post=3247"}],"curies":[{"name":"wp","href":"https:\/\/api.w.org\/{rel}","templated":true}]}}