{"id":2948,"date":"2010-09-24T18:39:24","date_gmt":"2010-09-24T16:39:24","guid":{"rendered":"http:\/\/www.chavinandez.com\/blog\/?p=2948"},"modified":"2010-09-24T18:41:00","modified_gmt":"2010-09-24T16:41:00","slug":"fotografiar-el-otono-una-experiencia-siempre-magica","status":"publish","type":"post","link":"https:\/\/www.chavinandez.com\/blog\/fotografiar-el-otono-una-experiencia-siempre-magica\/","title":{"rendered":"Fotografiar el Oto\u00f1o, una experiencia siempre m\u00e1gica"},"content":{"rendered":"<p><a href=\"https:\/\/www.chavinandez.com\/blog\/wp-content\/uploads\/2010\/09\/macrolepiota.jpg\"><img loading=\"lazy\" decoding=\"async\" class=\"alignnone size-full wp-image-2950\" title=\"macrolepiota\" src=\"https:\/\/www.chavinandez.com\/blog\/wp-content\/uploads\/2010\/09\/macrolepiota.jpg\" alt=\"\" width=\"500\" height=\"385\" srcset=\"https:\/\/www.chavinandez.com\/blog\/wp-content\/uploads\/2010\/09\/macrolepiota.jpg 600w, https:\/\/www.chavinandez.com\/blog\/wp-content\/uploads\/2010\/09\/macrolepiota-194x150.jpg 194w, https:\/\/www.chavinandez.com\/blog\/wp-content\/uploads\/2010\/09\/macrolepiota-389x300.jpg 389w\" sizes=\"auto, (max-width: 500px) 100vw, 500px\" \/><\/a><\/p>\n<p>Todos los a\u00f1os llega una de las \u00e9pocas m\u00e1s agradecidas para nuestra afici\u00f3n fotogr\u00e1fica, es el oto\u00f1o. Un panorama multicolor que viste vi\u00f1edos, bosques y cauces, a la espera de ser contemplados por nuestros ojos y recorridos entre senderos, por nuestros pies.<\/p>\n<p><!--more--><\/p>\n<p><a href=\"https:\/\/www.chavinandez.com\/blog\/wp-content\/uploads\/2010\/09\/otonial-2.jpg\"><img loading=\"lazy\" decoding=\"async\" class=\"alignnone size-full wp-image-2951\" title=\"otonial-2\" src=\"https:\/\/www.chavinandez.com\/blog\/wp-content\/uploads\/2010\/09\/otonial-2.jpg\" alt=\"\" width=\"500\" height=\"332\" \/><\/a><\/p>\n<p>La fotograf\u00eda oto\u00f1al es un tema fascinante en el que se puede trabajar con gran amplitud de matices, desde los cambios de color en las caducifolias, pasando por el comienzo de inestabilidad atmosf\u00e9rica en el cielo con nubes y tormentas que saturan el paisaje y el horizonte o la naturaleza muerta que viste los suelos de caminos y bosques por los que nos adentramos.<\/p>\n<p>Aunque la excusa para salir sea la fotograf\u00eda, la experiencia de sumergirse en el ambiente oto\u00f1al, nos llena de energ\u00eda positiva, ya que nuestros sentidos, en especial la vista o el olfato, son recompensados con creces al visualizar y sentir cerca de nosotros esa humedad de colores que rodea nuestra presencia.<\/p>\n<p><a href=\"https:\/\/www.chavinandez.com\/blog\/wp-content\/uploads\/2010\/09\/otonial-3.jpg\"><img loading=\"lazy\" decoding=\"async\" class=\"alignnone size-full wp-image-2952\" title=\"otonial-3\" src=\"https:\/\/www.chavinandez.com\/blog\/wp-content\/uploads\/2010\/09\/otonial-3.jpg\" alt=\"\" width=\"500\" height=\"332\" srcset=\"https:\/\/www.chavinandez.com\/blog\/wp-content\/uploads\/2010\/09\/otonial-3.jpg 600w, https:\/\/www.chavinandez.com\/blog\/wp-content\/uploads\/2010\/09\/otonial-3-200x133.jpg 200w, https:\/\/www.chavinandez.com\/blog\/wp-content\/uploads\/2010\/09\/otonial-3-451x300.jpg 451w\" sizes=\"auto, (max-width: 500px) 100vw, 500px\" \/><\/a><\/p>\n<p>Mucho se habla del equipamiento y las t\u00e9cnicas. Sin embargo \u00bf El equipo ideal ? No hay que matarse los cascos. El que tenemos es casi siempre suficiente. Cualquier c\u00e1mara digital o r\u00e9flex, un objetivo angular o un simple tele, alg\u00fan filtro polarizador o de densidad neutra e intentar estar apoyados en ocasiones con el tr\u00edpode nos permitir\u00e1n jugar con las tomas y composiciones de aquellos rincones en los que pasemos la ma\u00f1ana o tarde. Para fotografiar cauces con largas exposiciones, aqu\u00ed ten\u00e9is algunos <strong><a href=\"https:\/\/www.chavinandez.com\/blog\/?s=oto%C3%B1o&amp;x=0&amp;y=0\">post anteriores<\/a><\/strong> que hablan del oto\u00f1o y que sugieren algo de la t\u00e9cnica a utilizar, aunque lo mejor es como siempre, experimentar, dejar volar nuestra imaginaci\u00f3n y sumergirnos como ardillas en ese micro h\u00e1bitat para vivirlo y sentirlo mucho m\u00e1s cerca, seguro que esa ser\u00e1, la experiencia m\u00e1s m\u00e1gica.<\/p>\n<p><a href=\"https:\/\/www.chavinandez.com\/blog\/wp-content\/uploads\/2010\/09\/otonial-4.jpg\"><img loading=\"lazy\" decoding=\"async\" class=\"alignnone size-full wp-image-2953\" title=\"otonial-4\" src=\"https:\/\/www.chavinandez.com\/blog\/wp-content\/uploads\/2010\/09\/otonial-4.jpg\" alt=\"\" width=\"500\" height=\"331\" srcset=\"https:\/\/www.chavinandez.com\/blog\/wp-content\/uploads\/2010\/09\/otonial-4.jpg 600w, https:\/\/www.chavinandez.com\/blog\/wp-content\/uploads\/2010\/09\/otonial-4-200x132.jpg 200w, https:\/\/www.chavinandez.com\/blog\/wp-content\/uploads\/2010\/09\/otonial-4-452x300.jpg 452w\" sizes=\"auto, (max-width: 500px) 100vw, 500px\" \/><\/a><\/p>\n<p>Por \u00faltimo y para quienes os apetezca escaparos en grupo, aqu\u00ed os dejo varias opciones de fin de semana, que hacemos este oto\u00f1o durante octubre y noviembre, tanto con <a href=\"http:\/\/www.photolocus.net\/shop\/search.php?orderby=position&amp;orderway=desc&amp;search_query=octubre&amp;submit_search=Buscar\">Photolocus.net<\/a> como con <a href=\"http:\/\/www.ea3cwkworld.com\/Cursos\/Actividades.htm\">Tarann\u00e0 Viajes<\/a>, y para las que quedan las \u00faltimas plazas.<\/p>\n<p><a href=\"http:\/\/www.photolocus.net\/shop\/talleres-de-fin-de-semana\/57-taller-de-fotografia-en-vizcaya.html\"><strong>2 y 3 de Octubre<\/strong>&#8211; Bosques de Urdaibai-Fotograf\u00eda de viajes en Vizcaya y edici\u00f3n digital b\u00e1sica con Lightroom<\/a><br \/>\n<a href=\"http:\/\/www.photolocus.net\/shop\/talleres-de-fin-de-semana\/62-taller-de-fotografia-en-navarra.html\"><strong>22 y 23 de Octubre<\/strong>&#8211; Roncesvalles y Valle del Arce- Fotograf\u00eda de Bosques,en Navarra, m\u00e1s all\u00e1 de Irati<\/a><br \/>\n<a href=\"http:\/\/www.photolocus.net\/shop\/talleres-de-fin-de-semana\/36-taller-de-fotografia-en-el-canon-de-rio-lobos.html\"><strong>30, 31 de Octubre y 1 de Noviembre<\/strong>&#8211; Ca\u00f1\u00f3n de R\u00edo Lobos- Soria. Fotograf\u00eda oto\u00f1al<\/a><br \/>\n<a href=\"http:\/\/www.ea3cwkworld.com\/Cursos\/Xavi\/Anso\/Anso.html\"><strong>5 y 6 de Noviembre<\/strong>&#8211; Fotograf\u00eda de Bosques en los Valles Occidentales- Jacetania- Ans\u00f3-Echo-Arag\u00fc\u00e9s<\/a><br \/>\n<a href=\"http:\/\/www.photolocus.net\/shop\/talleres-de-fin-de-semana\/64-taller-de-fotografia-en-los-alcornocales.html\"><strong>13 y 14 de Noviembre<\/strong>&#8211; Oto\u00f1o en el Parque Natural de los Alcornocales- C\u00e1diz<\/a><br \/>\n<a href=\"http:\/\/www.photolocus.net\/shop\/talleres-de-fin-de-semana\/51-taller-de-fotografia-en-pallars-sobira.html\"><strong>20 y 21 de Noviembre<\/strong>&#8211; Fotograf\u00eda de naturaleza en el Pall\u00e0rs Sobir\u00e0- Lleida<\/a><\/p>\n<p>Y ya sab\u00e9is, &#8220;Vivir intensamente el oto\u00f1o, se acaba demasiado pronto &#8230;&#8221;<br \/>\n[ad#468]<\/p>\n","protected":false},"excerpt":{"rendered":"<p>Todos los a\u00f1os llega una de las \u00e9pocas m\u00e1s agradecidas para nuestra afici\u00f3n fotogr\u00e1fica, es el oto\u00f1o. Un panorama multicolor que viste vi\u00f1edos, bosques y cauces, a la espera de ser contemplados por nuestros ojos y recorridos entre senderos, por nuestros pies.<\/p>\n","protected":false},"author":1,"featured_media":0,"comment_status":"closed","ping_status":"closed","sticky":false,"template":"","format":"standard","meta":{"footnotes":""},"categories":[159,7,36,9,37,178,11],"tags":[472,966,967,669,836,499,454,453,535,410,965,541,964,689],"class_list":["post-2948","post","type-post","status-publish","format-standard","hentry","category-destinos","category-experiencias","category-fotografia","category-imagenes","category-talleres","category-trucos","category-httpwwwlabatiruralcomwordpress","tag-actividades-de-fotografia-octubre","tag-aprender-fotografia-en-navarra","tag-aprender-fotografia-en-paisa-vasco","tag-aprender-fotografia-en-pirineos","tag-aprender-fotografia-en-vizcaya","tag-curso-de-fotografia-de-bosques","tag-cursos-fotografia-octubre","tag-cursos-fotografia-otono","tag-escapadas-fotografia-otono","tag-fotografia-en-irati","tag-fotografia-en-los-alcornocales","tag-fotografia-otonal","tag-fotografiar-irati","tag-talleres-de-fotografia-fin-de-semana","column","threecol"],"_links":{"self":[{"href":"https:\/\/www.chavinandez.com\/blog\/wp-json\/wp\/v2\/posts\/2948","targetHints":{"allow":["GET"]}}],"collection":[{"href":"https:\/\/www.chavinandez.com\/blog\/wp-json\/wp\/v2\/posts"}],"about":[{"href":"https:\/\/www.chavinandez.com\/blog\/wp-json\/wp\/v2\/types\/post"}],"author":[{"embeddable":true,"href":"https:\/\/www.chavinandez.com\/blog\/wp-json\/wp\/v2\/users\/1"}],"replies":[{"embeddable":true,"href":"https:\/\/www.chavinandez.com\/blog\/wp-json\/wp\/v2\/comments?post=2948"}],"version-history":[{"count":5,"href":"https:\/\/www.chavinandez.com\/blog\/wp-json\/wp\/v2\/posts\/2948\/revisions"}],"predecessor-version":[{"id":2956,"href":"https:\/\/www.chavinandez.com\/blog\/wp-json\/wp\/v2\/posts\/2948\/revisions\/2956"}],"wp:attachment":[{"href":"https:\/\/www.chavinandez.com\/blog\/wp-json\/wp\/v2\/media?parent=2948"}],"wp:term":[{"taxonomy":"category","embeddable":true,"href":"https:\/\/www.chavinandez.com\/blog\/wp-json\/wp\/v2\/categories?post=2948"},{"taxonomy":"post_tag","embeddable":true,"href":"https:\/\/www.chavinandez.com\/blog\/wp-json\/wp\/v2\/tags?post=2948"}],"curies":[{"name":"wp","href":"https:\/\/api.w.org\/{rel}","templated":true}]}}