{"id":2890,"date":"2010-08-30T18:19:16","date_gmt":"2010-08-30T16:19:16","guid":{"rendered":"http:\/\/www.chavinandez.com\/blog\/?p=2890"},"modified":"2010-08-30T18:19:16","modified_gmt":"2010-08-30T16:19:16","slug":"v-jornadas-aragonesas-de-fotografia-de-naturaleza","status":"publish","type":"post","link":"https:\/\/www.chavinandez.com\/blog\/v-jornadas-aragonesas-de-fotografia-de-naturaleza\/","title":{"rendered":"V Jornadas Aragonesas de Fotograf\u00eda de Naturaleza"},"content":{"rendered":"<p><a href=\"https:\/\/www.chavinandez.com\/blog\/wp-content\/uploads\/2010\/08\/cartel_v_j_asafona2010-blog.jpg\"><img loading=\"lazy\" decoding=\"async\" class=\"alignnone size-full wp-image-2892\" title=\"cartel_v_j_asafona2010-blog\" src=\"https:\/\/www.chavinandez.com\/blog\/wp-content\/uploads\/2010\/08\/cartel_v_j_asafona2010-blog.jpg\" alt=\"\" width=\"500\" height=\"342\" srcset=\"https:\/\/www.chavinandez.com\/blog\/wp-content\/uploads\/2010\/08\/cartel_v_j_asafona2010-blog.jpg 1200w, https:\/\/www.chavinandez.com\/blog\/wp-content\/uploads\/2010\/08\/cartel_v_j_asafona2010-blog-200x137.jpg 200w, https:\/\/www.chavinandez.com\/blog\/wp-content\/uploads\/2010\/08\/cartel_v_j_asafona2010-blog-437x300.jpg 437w\" sizes=\"auto, (max-width: 500px) 100vw, 500px\" \/><\/a><\/p>\n<p>Este a\u00f1o como anteriores ediciones, tienen lugar en la Asociaci\u00f3n Art\u00edstica Aragonesa de la Calle Lagasca 21, la exposici\u00f3n anual que la<strong> Asociaci\u00f3n Aragonesa de Fot\u00f3grafos de Naturaleza<\/strong> &#8211; <a href=\"http:\/\/asafona.wordpress.com\/2010\/08\/04\/v-jornadas-aragonesa-de-fotografia-de-la-naturaleza\/\">ASAFONA<\/a> &#8211; muestra al p\u00fablico que se quiera acercar, desde el d\u00eda 9 de septiembre al 2 de octubre en horario de 18h a 21h, una selecci\u00f3n de fotograf\u00edas que pretenden mostrar y difundir la belleza y diversidad tanto de la fauna, como la naturaleza y el paisaje de Arag\u00f3n, principalmente.<\/p>\n<p>La semana del 20 al 25 de septiembre, de forma paralela,\u00a0 <a href=\"http:\/\/asafona.wordpress.com\/2010\/08\/04\/v-jornadas-aragonesa-de-fotografia-de-la-naturaleza\/\">ASAFONA<\/a> ha organizado un programa de charlas y conferencias impartidas por algunos de los miembros de la Asociaci\u00f3n, entre las que est\u00e1n <strong>\u201cPlantas y Bichos. Macrofotograf\u00eda\u201d<\/strong>, por Manuel Lorenzo, <strong>\u201cCuriosidades de algunas aves del valle del Ebro\u201d<\/strong>, por Javier Blasco, \u00a0 <strong>\u201cT\u00e9cnicas de presencia en Internet en fotograf\u00eda de naturaleza:buscadores y redes sociales\u201d<\/strong>, por Javier Gutierrez,\u00a0 <strong>\u201cRapaces de Arag\u00f3n: seguimientos y medidas de conservaci\u00f3n\u201d<\/strong>, por Alberto Portero, \u00a0 <strong>\u201cLuces y sombras, taller de iluminaci\u00f3n macro de campo\u201d<\/strong>, por Carlos S\u00e1nchez, adem\u00e1s de una serie de proyecciones para la jornada del s\u00e1bado 25, que lleva como t\u00edtulo;\u00a0 <strong>\u201cMaking of\u201d, <\/strong>y contendr\u00e1n diferentes pases de fotograf\u00edas comentadas de los socios de ASAFONA.<\/p>\n<p>Para terminar las jornadas por la tarde el s\u00e1bado 25 de septiembre a las 18 horas, uno de los fot\u00f3grafos espa\u00f1oles m\u00e1s  galardonados, fuera y dentro de nuestras fronteras; <a href=\"http:\/\/www.josebruiz.com\/\">Jos\u00e9 Benito Ruiz<\/a>, acompa\u00f1ar\u00e1 este a\u00f1o las jornadas como invitado,  clausurando \u00e9stas con una charla magistral bajo el t\u00edtulo; <strong>\u201cComposici\u00f3n en Fotograf\u00eda. El lenguaje del arte\u201d<\/strong>, en la que al final de la misma, se podr\u00e1n adquirir ejemplares de su \u00faltima publicaci\u00f3n.<\/p>\n<p>Os esperamos a todos..!!!<\/p>\n","protected":false},"excerpt":{"rendered":"<p>Este a\u00f1o como anteriores ediciones, tienen lugar en la Asociaci\u00f3n Art\u00edstica Aragonesa de la Calle Lagasca 21, la exposici\u00f3n anual que la Asociaci\u00f3n Aragonesa de Fot\u00f3grafos de Naturaleza &#8211; ASAFONA &#8211; muestra al p\u00fablico que se quiera acercar, desde el d\u00eda 9 de septiembre al 2 de octubre en horario &#8230;<\/p>\n","protected":false},"author":1,"featured_media":0,"comment_status":"closed","ping_status":"closed","sticky":false,"template":"","format":"standard","meta":{"footnotes":""},"categories":[344,305,36,46,356],"tags":[144,934,932,931,935,933],"class_list":["post-2890","post","type-post","status-publish","format-standard","hentry","category-charlas","category-exposiciones","category-fotografia","category-libros","category-novedades","tag-asafona","tag-asociacion-aragonesa-de-fotografos-de-naturaleza","tag-charlas-de-naturaleza-en-zaragoza","tag-jose-benito-ruiz","tag-programacion-asafona-2010","tag-v-jornadas-aragonesas-de-fotografia-de-naturaleza","column","threecol"],"_links":{"self":[{"href":"https:\/\/www.chavinandez.com\/blog\/wp-json\/wp\/v2\/posts\/2890","targetHints":{"allow":["GET"]}}],"collection":[{"href":"https:\/\/www.chavinandez.com\/blog\/wp-json\/wp\/v2\/posts"}],"about":[{"href":"https:\/\/www.chavinandez.com\/blog\/wp-json\/wp\/v2\/types\/post"}],"author":[{"embeddable":true,"href":"https:\/\/www.chavinandez.com\/blog\/wp-json\/wp\/v2\/users\/1"}],"replies":[{"embeddable":true,"href":"https:\/\/www.chavinandez.com\/blog\/wp-json\/wp\/v2\/comments?post=2890"}],"version-history":[{"count":2,"href":"https:\/\/www.chavinandez.com\/blog\/wp-json\/wp\/v2\/posts\/2890\/revisions"}],"predecessor-version":[{"id":2893,"href":"https:\/\/www.chavinandez.com\/blog\/wp-json\/wp\/v2\/posts\/2890\/revisions\/2893"}],"wp:attachment":[{"href":"https:\/\/www.chavinandez.com\/blog\/wp-json\/wp\/v2\/media?parent=2890"}],"wp:term":[{"taxonomy":"category","embeddable":true,"href":"https:\/\/www.chavinandez.com\/blog\/wp-json\/wp\/v2\/categories?post=2890"},{"taxonomy":"post_tag","embeddable":true,"href":"https:\/\/www.chavinandez.com\/blog\/wp-json\/wp\/v2\/tags?post=2890"}],"curies":[{"name":"wp","href":"https:\/\/api.w.org\/{rel}","templated":true}]}}