{"id":2703,"date":"2010-06-09T21:39:43","date_gmt":"2010-06-09T19:39:43","guid":{"rendered":"http:\/\/www.chavinandez.com\/blog\/?p=2703"},"modified":"2010-06-10T10:22:30","modified_gmt":"2010-06-10T08:22:30","slug":"las-bardenas-reales-paisajes-de-navarra-y-aragon","status":"publish","type":"post","link":"https:\/\/www.chavinandez.com\/blog\/las-bardenas-reales-paisajes-de-navarra-y-aragon\/","title":{"rendered":"Las Bardenas Reales, Paisajes de Navarra y Arag\u00f3n"},"content":{"rendered":"<p><a href=\"http:\/\/www.blurb.com\/books\/1409950\"><img decoding=\"async\" class=\"alignnone\" title=\"Bardenas Reales de Navarra\" src=\"http:\/\/assets3.blurb.com\/images\/uploads\/catalog\/99\/193599\/1556390-de2480200ea7ba8466da90162028f11d.jpg?1276100743\" alt=\"\" width=\"500\" \/><\/a><\/p>\n<p>Ya hace un tiempo que ten\u00eda ganas de ver terminado un recopilatorio que recoge la selecci\u00f3n de 100 fotograf\u00edas en el tiempo, de uno de mis paisajes m\u00e1s apreciados de la vecina Navarra, Las Bardenas Reales.<\/p>\n<p><!--more--><\/p>\n<p>Una colecci\u00f3n de fotograf\u00edas que cuentan con un salto casi inapreciable de 20 a\u00f1os y que gracias al permiso del bi\u00f3logo del Parque Natural, el a\u00f1o pasado pude completar. Ya en 1989, un a\u00f1o antes de su declaraci\u00f3n como Parque Natural, pude disfrutar con mis primeras incursiones a la zona, que me dejaron fascinado con su paisaje \u00fanico y singular. Ahora y gracias <a href=\"http:\/\/www.blurb.com\/books\/1409950\">Blurb<\/a>, ese trabajo est\u00e1 disponible en forma de libro bajo demanda, con ochenta p\u00e1ginas a todo color de 25x20cm y con tapa dura serigrafiada en mate. Para quienes deseen adentrarse en ese para\u00edso semides\u00e9rtico de las Bardenas Reales de Navarra y Arag\u00f3n, aqu\u00ed hay un visi\u00f3n m\u00e1s. Espero que os guste.<\/p>\n<p><a href=\"https:\/\/www.chavinandez.com\/blog\/wp-content\/uploads\/2010\/06\/bardenasreales-collage.jpg\"><img loading=\"lazy\" decoding=\"async\" class=\"alignnone size-full wp-image-2708\" title=\"bardenasreales-collage\" src=\"https:\/\/www.chavinandez.com\/blog\/wp-content\/uploads\/2010\/06\/bardenasreales-collage.jpg\" alt=\"\" width=\"500\" height=\"1119\" srcset=\"https:\/\/www.chavinandez.com\/blog\/wp-content\/uploads\/2010\/06\/bardenasreales-collage.jpg 600w, https:\/\/www.chavinandez.com\/blog\/wp-content\/uploads\/2010\/06\/bardenasreales-collage-67x150.jpg 67w, https:\/\/www.chavinandez.com\/blog\/wp-content\/uploads\/2010\/06\/bardenasreales-collage-134x300.jpg 134w\" sizes=\"auto, (max-width: 500px) 100vw, 500px\" \/><\/a><\/p>\n","protected":false},"excerpt":{"rendered":"<p>Ya hace un tiempo que ten\u00eda ganas de ver terminado un recopilatorio que recoge la selecci\u00f3n de 100 fotograf\u00edas en el tiempo, de uno de mis paisajes m\u00e1s apreciados de la vecina Navarra, Las Bardenas Reales.<\/p>\n","protected":false},"author":1,"featured_media":0,"comment_status":"open","ping_status":"closed","sticky":false,"template":"","format":"standard","meta":{"footnotes":""},"categories":[4,46,356,11],"tags":[660,321,463,854,860,859,112,497,857,852,855,858,856,853],"class_list":["post-2703","post","type-post","status-publish","format-standard","hentry","category-diseno","category-libros","category-novedades","category-httpwwwlabatiruralcomwordpress","tag-bardena-negra","tag-bardenas","tag-bardenas-reales","tag-bardenas-reales-de-navarra","tag-fotografia-bardenas-reales","tag-fotografia-de-las-bardenas","tag-fotografia-de-paisajes","tag-fotografia-en-navarra","tag-imagenes-de-las-bardenas-reales","tag-libros-fotografia","tag-paisajes-de-navarra","tag-paisajes-de-navarra-y-aragon","tag-publicaciones-de-navarra","tag-publicaciones-fotografia","column","threecol"],"_links":{"self":[{"href":"https:\/\/www.chavinandez.com\/blog\/wp-json\/wp\/v2\/posts\/2703","targetHints":{"allow":["GET"]}}],"collection":[{"href":"https:\/\/www.chavinandez.com\/blog\/wp-json\/wp\/v2\/posts"}],"about":[{"href":"https:\/\/www.chavinandez.com\/blog\/wp-json\/wp\/v2\/types\/post"}],"author":[{"embeddable":true,"href":"https:\/\/www.chavinandez.com\/blog\/wp-json\/wp\/v2\/users\/1"}],"replies":[{"embeddable":true,"href":"https:\/\/www.chavinandez.com\/blog\/wp-json\/wp\/v2\/comments?post=2703"}],"version-history":[{"count":3,"href":"https:\/\/www.chavinandez.com\/blog\/wp-json\/wp\/v2\/posts\/2703\/revisions"}],"predecessor-version":[{"id":2707,"href":"https:\/\/www.chavinandez.com\/blog\/wp-json\/wp\/v2\/posts\/2703\/revisions\/2707"}],"wp:attachment":[{"href":"https:\/\/www.chavinandez.com\/blog\/wp-json\/wp\/v2\/media?parent=2703"}],"wp:term":[{"taxonomy":"category","embeddable":true,"href":"https:\/\/www.chavinandez.com\/blog\/wp-json\/wp\/v2\/categories?post=2703"},{"taxonomy":"post_tag","embeddable":true,"href":"https:\/\/www.chavinandez.com\/blog\/wp-json\/wp\/v2\/tags?post=2703"}],"curies":[{"name":"wp","href":"https:\/\/api.w.org\/{rel}","templated":true}]}}