{"id":2616,"date":"2010-05-04T23:06:41","date_gmt":"2010-05-04T21:06:41","guid":{"rendered":"http:\/\/www.chavinandez.com\/blog\/?p=2616"},"modified":"2010-05-04T23:06:41","modified_gmt":"2010-05-04T21:06:41","slug":"el-paseo-entre-la-nubes","status":"publish","type":"post","link":"https:\/\/www.chavinandez.com\/blog\/el-paseo-entre-la-nubes\/","title":{"rendered":"El paseo entre la nubes"},"content":{"rendered":"<p><a href=\"http:\/\/www.photoshelter.com\/c\/chavinandez\/gallery-img-show\/Way-of-St-James-Xacobeo-2010\/G0000CrK8.6BdZ4Y\/?&amp;_bqG=19&amp;_bqH=eJzzKAn3ikop8vR3TrfMTM2ODMrKTjTyKcmLCLGwMjIxtDI0MLCyco_3dLF1NwAC5yJvCz0zp5Qok0i1AJComrtnvLujj49rUCQ2RQBTyBs0&amp;I_ID=I00007yWyGE1RhXg\"><img decoding=\"async\" class=\"alignnone size-full wp-image-2614\" title=\"foncebadon-xacobeo-2010-5\" src=\"https:\/\/www.chavinandez.com\/blog\/wp-content\/uploads\/2010\/05\/foncebadon-xacobeo-2010-5.jpg\" alt=\"\" \/><\/a><\/p>\n<p>Hace unas semanas, camino de Molinaseca, entre Manjarin, y Fondebad\u00f3n (Le\u00f3n) a unos 1440 mts de altitud divisaba a mi paso por la carretera LE 142, que parte de Astorga a Ponferrada,\u00a0 este precioso tramo del <a href=\"http:\/\/www.photoshelter.com\/c\/chavinandez\/gallery\/Way-of-St-James-Xacobeo-2010\/G0000CrK8.6BdZ4Y\/?_bqO=0&amp;_bqH=eJzzKAn3ikop8vR3TrfMTM2ODMrKTjTyKcmLCLGwMjIxtDI0MLCyco_3dLF1NwAC5yJvCz0zp5Qok0i1AJComrtnvLujj49rUCQ2RQBTyBs0&amp;ppg=100\">Camino de Santiago<\/a> Franc\u00e9s, un paisaje inmerso entre nubes y brumas, que me invit\u00f3 a parar, descansar y disfrutar de esas primeras luces de la ma\u00f1ana. All\u00ed mismo, acompa\u00f1ado de unos peregrinos de Barcelona que desde Roncesvalles hab\u00edan partido varias semanas antes, aprovechamos para compartir, un trago entre experiencias y algunas vivencias de ese viaje que que tantos siglos llevan recorriendo gentes y caminantes de tantos rincones y que hoy brindaba de nuevo im\u00e1genes tan espectaculares de ese paseo entre las nubes.<\/p>\n","protected":false},"excerpt":{"rendered":"<p>Hace unas semanas, camino de Molinaseca, entre Manjarin, y Fondebad\u00f3n (Le\u00f3n) a unos 1440 mts de altitud divisaba a mi paso por la carretera LE 142, que parte de Astorga a Ponferrada,\u00a0 este precioso tramo del Camino de Santiago Franc\u00e9s, un paisaje inmerso entre nubes y brumas, que me invit\u00f3 &#8230;<\/p>\n","protected":false},"author":1,"featured_media":0,"comment_status":"open","ping_status":"open","sticky":false,"template":"","format":"standard","meta":{"footnotes":""},"categories":[159,7],"tags":[698,808,807,809,806,203,798,804,805,775,803],"class_list":["post-2616","post","type-post","status-publish","format-standard","hentry","category-destinos","category-experiencias","tag-camino-de-santiago","tag-camino-de-santiago-frances","tag-castilla-y-leon","tag-de-astorga-a-ponferrada","tag-fondebadon","tag-fotoreportaje","tag-jacobeo-2010","tag-leon","tag-manjarin","tag-way-of-san-james","tag-xacobeo-2010","column","threecol"],"_links":{"self":[{"href":"https:\/\/www.chavinandez.com\/blog\/wp-json\/wp\/v2\/posts\/2616","targetHints":{"allow":["GET"]}}],"collection":[{"href":"https:\/\/www.chavinandez.com\/blog\/wp-json\/wp\/v2\/posts"}],"about":[{"href":"https:\/\/www.chavinandez.com\/blog\/wp-json\/wp\/v2\/types\/post"}],"author":[{"embeddable":true,"href":"https:\/\/www.chavinandez.com\/blog\/wp-json\/wp\/v2\/users\/1"}],"replies":[{"embeddable":true,"href":"https:\/\/www.chavinandez.com\/blog\/wp-json\/wp\/v2\/comments?post=2616"}],"version-history":[{"count":2,"href":"https:\/\/www.chavinandez.com\/blog\/wp-json\/wp\/v2\/posts\/2616\/revisions"}],"predecessor-version":[{"id":2618,"href":"https:\/\/www.chavinandez.com\/blog\/wp-json\/wp\/v2\/posts\/2616\/revisions\/2618"}],"wp:attachment":[{"href":"https:\/\/www.chavinandez.com\/blog\/wp-json\/wp\/v2\/media?parent=2616"}],"wp:term":[{"taxonomy":"category","embeddable":true,"href":"https:\/\/www.chavinandez.com\/blog\/wp-json\/wp\/v2\/categories?post=2616"},{"taxonomy":"post_tag","embeddable":true,"href":"https:\/\/www.chavinandez.com\/blog\/wp-json\/wp\/v2\/tags?post=2616"}],"curies":[{"name":"wp","href":"https:\/\/api.w.org\/{rel}","templated":true}]}}