{"id":2571,"date":"2010-04-10T11:38:44","date_gmt":"2010-04-10T09:38:44","guid":{"rendered":"http:\/\/www.chavinandez.com\/blog\/?p=2571"},"modified":"2010-04-10T11:38:44","modified_gmt":"2010-04-10T09:38:44","slug":"la-muestra-itinerante-pirineo-vivo-viaja-a-asturias","status":"publish","type":"post","link":"https:\/\/www.chavinandez.com\/blog\/la-muestra-itinerante-pirineo-vivo-viaja-a-asturias\/","title":{"rendered":"La muestra itinerante &#8220;Pirineo Vivo&#8221; viaja a Asturias"},"content":{"rendered":"<p><a href=\"https:\/\/www.chavinandez.com\/blog\/wp-content\/uploads\/2010\/04\/cartelvegadeo.jpg\"><img loading=\"lazy\" decoding=\"async\" class=\"alignnone size-full wp-image-2572\" title=\"cartelvegadeo\" src=\"https:\/\/www.chavinandez.com\/blog\/wp-content\/uploads\/2010\/04\/cartelvegadeo.jpg\" alt=\"\" width=\"500\" height=\"510\" srcset=\"https:\/\/www.chavinandez.com\/blog\/wp-content\/uploads\/2010\/04\/cartelvegadeo.jpg 600w, https:\/\/www.chavinandez.com\/blog\/wp-content\/uploads\/2010\/04\/cartelvegadeo-147x150.jpg 147w, https:\/\/www.chavinandez.com\/blog\/wp-content\/uploads\/2010\/04\/cartelvegadeo-294x300.jpg 294w\" sizes=\"auto, (max-width: 500px) 100vw, 500px\" \/><\/a><\/p>\n<p>Durante el mes de abril del <strong>12 al 25, <\/strong> la exposici\u00f3n fotogr\u00e1fica <strong>Pirineo Vivo<\/strong> estar\u00e1 albergada en la <a href=\"http:\/\/www.vegadeo.net\">Casa de Cultura del Ayuntamiento de Vegadeo<\/a>. Espero que a todo el que la visite en la zona, le guste.<\/p>\n","protected":false},"excerpt":{"rendered":"<p>Durante el mes de abril del 12 al 25, la exposici\u00f3n fotogr\u00e1fica Pirineo Vivo estar\u00e1 albergada en la Casa de Cultura del Ayuntamiento de Vegadeo. Espero que a todo el que la visite en la zona, le guste.<\/p>\n","protected":false},"author":1,"featured_media":0,"comment_status":"open","ping_status":"open","sticky":false,"template":"","format":"standard","meta":{"footnotes":""},"categories":[305,36,356],"tags":[774,773,62,697,696,481,375,307,772],"class_list":["post-2571","post","type-post","status-publish","format-standard","hentry","category-exposiciones","category-fotografia","category-novedades","tag-add-new-tag","tag-asturias","tag-chavinandez","tag-etnografia-pirineos","tag-exposicion-pirineo-vivo","tag-exposiciones-de-fotografia","tag-muestra-itinerante-pirineo-vivo","tag-pirineo-vivo","tag-vegadeo","column","threecol"],"_links":{"self":[{"href":"https:\/\/www.chavinandez.com\/blog\/wp-json\/wp\/v2\/posts\/2571","targetHints":{"allow":["GET"]}}],"collection":[{"href":"https:\/\/www.chavinandez.com\/blog\/wp-json\/wp\/v2\/posts"}],"about":[{"href":"https:\/\/www.chavinandez.com\/blog\/wp-json\/wp\/v2\/types\/post"}],"author":[{"embeddable":true,"href":"https:\/\/www.chavinandez.com\/blog\/wp-json\/wp\/v2\/users\/1"}],"replies":[{"embeddable":true,"href":"https:\/\/www.chavinandez.com\/blog\/wp-json\/wp\/v2\/comments?post=2571"}],"version-history":[{"count":1,"href":"https:\/\/www.chavinandez.com\/blog\/wp-json\/wp\/v2\/posts\/2571\/revisions"}],"predecessor-version":[{"id":2573,"href":"https:\/\/www.chavinandez.com\/blog\/wp-json\/wp\/v2\/posts\/2571\/revisions\/2573"}],"wp:attachment":[{"href":"https:\/\/www.chavinandez.com\/blog\/wp-json\/wp\/v2\/media?parent=2571"}],"wp:term":[{"taxonomy":"category","embeddable":true,"href":"https:\/\/www.chavinandez.com\/blog\/wp-json\/wp\/v2\/categories?post=2571"},{"taxonomy":"post_tag","embeddable":true,"href":"https:\/\/www.chavinandez.com\/blog\/wp-json\/wp\/v2\/tags?post=2571"}],"curies":[{"name":"wp","href":"https:\/\/api.w.org\/{rel}","templated":true}]}}