{"id":2560,"date":"2010-03-30T16:25:14","date_gmt":"2010-03-30T14:25:14","guid":{"rendered":"http:\/\/www.chavinandez.com\/blog\/?p=2560"},"modified":"2010-03-30T16:25:14","modified_gmt":"2010-03-30T14:25:14","slug":"gran-ruta-circular-de-monegros-17-18-de-abril","status":"publish","type":"post","link":"https:\/\/www.chavinandez.com\/blog\/gran-ruta-circular-de-monegros-17-18-de-abril\/","title":{"rendered":"Gran Ruta Circular de Monegros 17, 18 de abril"},"content":{"rendered":"<p><a href=\"http:\/\/www.photolocus.net\/shop\/talleres-de-fin-de-semana\/59-taller-de-fotografia-en-monegros-ruta-circular.html\"><img loading=\"lazy\" decoding=\"async\" class=\"alignnone size-full wp-image-2561\" title=\"landscape_spain5310\" src=\"https:\/\/www.chavinandez.com\/blog\/wp-content\/uploads\/2010\/03\/landscape_spain5310.jpg\" alt=\"\" width=\"500\" height=\"332\" srcset=\"https:\/\/www.chavinandez.com\/blog\/wp-content\/uploads\/2010\/03\/landscape_spain5310.jpg 500w, https:\/\/www.chavinandez.com\/blog\/wp-content\/uploads\/2010\/03\/landscape_spain5310-200x132.jpg 200w, https:\/\/www.chavinandez.com\/blog\/wp-content\/uploads\/2010\/03\/landscape_spain5310-451x300.jpg 451w\" sizes=\"auto, (max-width: 500px) 100vw, 500px\" \/><\/a><\/p>\n<p>Gracias al \u00e9xito de la \u00faltima edici\u00f3n del pasado mes de marzo a <a href=\"http:\/\/www.photolocus.net\/shop\/talleres-de-fin-de-semana\/59-taller-de-fotografia-en-monegros-ruta-circular.html\"><strong>Monegros<\/strong><\/a> organizada por <strong><a href=\"http:\/\/www.photolocus.net\/shop\/talleres-de-fin-de-semana\/59-taller-de-fotografia-en-monegros-ruta-circular.html\">Photolocus<\/a><\/strong> , se ha abierto una nueva convocatoria de la que ya s\u00f3lo quedan las \u00faltimas plazas, precisamente para los que en aquella ocasi\u00f3n no pudisteis acudir. La fecha es el <a href=\"http:\/\/www.photolocus.net\/shop\/talleres-de-fin-de-semana\/59-taller-de-fotografia-en-monegros-ruta-circular.html\"><strong>17 y 18 de abril<\/strong><\/a>. Un fin de semana lleno de buena gastronom\u00eda, paisaje de formas y naturaleza esteparia. Una cita recomendada en una \u00e9poca llena de vida como es la primavera en la comarca de Monegros.<\/p>\n","protected":false},"excerpt":{"rendered":"<p>Gracias al \u00e9xito de la \u00faltima edici\u00f3n del pasado mes de marzo a Monegros organizada por Photolocus , se ha abierto una nueva convocatoria de la que ya s\u00f3lo quedan las \u00faltimas plazas, precisamente para los que en aquella ocasi\u00f3n no pudisteis acudir. La fecha es el 17 y 18 &#8230;<\/p>\n","protected":false},"author":1,"featured_media":0,"comment_status":"open","ping_status":"open","sticky":false,"template":"","format":"standard","meta":{"footnotes":""},"categories":[1],"tags":[756,759,760,386,72,112,757,758,563,100,407,59],"class_list":["post-2560","post","type-post","status-publish","format-standard","hentry","category-general","tag-comarca-de-los-monegros","tag-cursos-fotografia-abril","tag-cursos-fotografia-primavera","tag-cursos-intensivos-de-fotografia","tag-fotografia-de-naturaleza","tag-fotografia-de-paisajes","tag-gran-ruta-circular-monegros","tag-intensivos-de-fotografia-en-aragon","tag-los-monegros","tag-monegros","tag-photolocus","tag-talleres-de-fotografia","column","threecol"],"_links":{"self":[{"href":"https:\/\/www.chavinandez.com\/blog\/wp-json\/wp\/v2\/posts\/2560","targetHints":{"allow":["GET"]}}],"collection":[{"href":"https:\/\/www.chavinandez.com\/blog\/wp-json\/wp\/v2\/posts"}],"about":[{"href":"https:\/\/www.chavinandez.com\/blog\/wp-json\/wp\/v2\/types\/post"}],"author":[{"embeddable":true,"href":"https:\/\/www.chavinandez.com\/blog\/wp-json\/wp\/v2\/users\/1"}],"replies":[{"embeddable":true,"href":"https:\/\/www.chavinandez.com\/blog\/wp-json\/wp\/v2\/comments?post=2560"}],"version-history":[{"count":1,"href":"https:\/\/www.chavinandez.com\/blog\/wp-json\/wp\/v2\/posts\/2560\/revisions"}],"predecessor-version":[{"id":2562,"href":"https:\/\/www.chavinandez.com\/blog\/wp-json\/wp\/v2\/posts\/2560\/revisions\/2562"}],"wp:attachment":[{"href":"https:\/\/www.chavinandez.com\/blog\/wp-json\/wp\/v2\/media?parent=2560"}],"wp:term":[{"taxonomy":"category","embeddable":true,"href":"https:\/\/www.chavinandez.com\/blog\/wp-json\/wp\/v2\/categories?post=2560"},{"taxonomy":"post_tag","embeddable":true,"href":"https:\/\/www.chavinandez.com\/blog\/wp-json\/wp\/v2\/tags?post=2560"}],"curies":[{"name":"wp","href":"https:\/\/api.w.org\/{rel}","templated":true}]}}