{"id":2527,"date":"2010-03-24T19:44:42","date_gmt":"2010-03-24T17:44:42","guid":{"rendered":"http:\/\/www.chavinandez.com\/blog\/?p=2527"},"modified":"2010-03-24T19:46:28","modified_gmt":"2010-03-24T17:46:28","slug":"el-gran-canon-de-rio-lobos","status":"publish","type":"post","link":"https:\/\/www.chavinandez.com\/blog\/el-gran-canon-de-rio-lobos\/","title":{"rendered":"El Gran Ca\u00f1\u00f3n, de R\u00edo Lobos"},"content":{"rendered":"<p><a href=\"http:\/\/www.photoshelter.com\/c\/chavinandez\/gallery\/Canon-de-Rio-Lobos-Nature-Park\/G0000PEryuToda6c\/\"><img loading=\"lazy\" decoding=\"async\" class=\"alignnone size-full wp-image-2528\" title=\"riolobos\" src=\"https:\/\/www.chavinandez.com\/blog\/wp-content\/uploads\/2010\/03\/riolobos.jpg\" alt=\"\" width=\"500\" height=\"332\" \/><\/a><\/p>\n<p>Todos los a\u00f1os visito al menos en primavera y si es posible, en oto\u00f1o, un lugar m\u00e1gico para mi, por su singularidad y espectacular belleza, es el <strong><a href=\"https:\/\/www.chavinandez.com\/blog\/?p=1750\">Ca\u00f1\u00f3n de R\u00edo Lobos<\/a><\/strong>, en Soria. Este a\u00f1o, ya entrada la primavera, realizamos este mismo fin de semana del <a href=\"http:\/\/www.photolocus.net\/shop\/talleres-de-fin-de-semana\/36-taller-de-fotografia-en-el-canon-de-rio-lobos.html\">27 y 28 de marzo un Taller de Fotograf\u00eda de Naturaleza<\/a> en dicho enclave de la mano de <strong><a href=\"http:\/\/www.photolocus.net\/shop\/\">Photolocus<\/a><\/strong> y para el que creo quedan las \u00faltimas plazas. Si os gusta lo agreste de la natura y sus formas, \u00e9sta es una buena oportunidad para vivirlo de cerca. M\u00e1s detalles del taller en <strong><a href=\"http:\/\/www.photolocus.net\/shop\/talleres-de-fin-de-semana\/36-taller-de-fotografia-en-el-canon-de-rio-lobos.html\">Photolocus<\/a><\/strong>.<\/p>\n","protected":false},"excerpt":{"rendered":"<p>Todos los a\u00f1os visito al menos en primavera y si es posible, en oto\u00f1o, un lugar m\u00e1gico para mi, por su singularidad y espectacular belleza, es el Ca\u00f1\u00f3n de R\u00edo Lobos, en Soria. Este a\u00f1o, ya entrada la primavera, realizamos este mismo fin de semana del 27 y 28 de &#8230;<\/p>\n","protected":false},"author":1,"featured_media":0,"comment_status":"open","ping_status":"open","sticky":false,"template":"","format":"standard","meta":{"footnotes":""},"categories":[159,7,36,9,37,11],"tags":[745,362,184,744,112,60,366,407,741,363,743,742],"class_list":["post-2527","post","type-post","status-publish","format-standard","hentry","category-destinos","category-experiencias","category-fotografia","category-imagenes","category-talleres","category-httpwwwlabatiruralcomwordpress","tag-actividades-de-fotografia-soria","tag-canon-de-rio-lobos","tag-cursos-de-fotografia","tag-cursos-de-fotografia-de-naturaleza","tag-fotografia-de-paisajes","tag-fotografia-de-viajes","tag-fotolocus","tag-photolocus","tag-rio-lobos","tag-soria","tag-talleres-de-naturaleza","tag-ucero","column","threecol"],"_links":{"self":[{"href":"https:\/\/www.chavinandez.com\/blog\/wp-json\/wp\/v2\/posts\/2527","targetHints":{"allow":["GET"]}}],"collection":[{"href":"https:\/\/www.chavinandez.com\/blog\/wp-json\/wp\/v2\/posts"}],"about":[{"href":"https:\/\/www.chavinandez.com\/blog\/wp-json\/wp\/v2\/types\/post"}],"author":[{"embeddable":true,"href":"https:\/\/www.chavinandez.com\/blog\/wp-json\/wp\/v2\/users\/1"}],"replies":[{"embeddable":true,"href":"https:\/\/www.chavinandez.com\/blog\/wp-json\/wp\/v2\/comments?post=2527"}],"version-history":[{"count":3,"href":"https:\/\/www.chavinandez.com\/blog\/wp-json\/wp\/v2\/posts\/2527\/revisions"}],"predecessor-version":[{"id":2530,"href":"https:\/\/www.chavinandez.com\/blog\/wp-json\/wp\/v2\/posts\/2527\/revisions\/2530"}],"wp:attachment":[{"href":"https:\/\/www.chavinandez.com\/blog\/wp-json\/wp\/v2\/media?parent=2527"}],"wp:term":[{"taxonomy":"category","embeddable":true,"href":"https:\/\/www.chavinandez.com\/blog\/wp-json\/wp\/v2\/categories?post=2527"},{"taxonomy":"post_tag","embeddable":true,"href":"https:\/\/www.chavinandez.com\/blog\/wp-json\/wp\/v2\/tags?post=2527"}],"curies":[{"name":"wp","href":"https:\/\/api.w.org\/{rel}","templated":true}]}}