{"id":2473,"date":"2010-03-15T22:39:32","date_gmt":"2010-03-15T20:39:32","guid":{"rendered":"http:\/\/www.chavinandez.com\/blog\/?p=2473"},"modified":"2010-03-15T22:50:38","modified_gmt":"2010-03-15T20:50:38","slug":"afali-lucentum-recoge-el-apoyo-de-decenas-de-fotografos-en-alicante-en-pro-de-sos-paisajes-de-mar","status":"publish","type":"post","link":"https:\/\/www.chavinandez.com\/blog\/afali-lucentum-recoge-el-apoyo-de-decenas-de-fotografos-en-alicante-en-pro-de-sos-paisajes-de-mar\/","title":{"rendered":"AFALI Lucentum recoge el apoyo de cientos de fot\u00f3grafos en Alicante en pro de SOS Paisajes de Mar"},"content":{"rendered":"<p><a href=\"https:\/\/www.chavinandez.com\/blog\/wp-content\/uploads\/2010\/03\/sos-spanish-coastine-6.jpg\"><img loading=\"lazy\" decoding=\"async\" class=\"alignnone size-full wp-image-2476\" title=\"sos-spanish-coastine-6\" src=\"https:\/\/www.chavinandez.com\/blog\/wp-content\/uploads\/2010\/03\/sos-spanish-coastine-6.jpg\" alt=\"\" width=\"500\" height=\"332\" srcset=\"https:\/\/www.chavinandez.com\/blog\/wp-content\/uploads\/2010\/03\/sos-spanish-coastine-6.jpg 600w, https:\/\/www.chavinandez.com\/blog\/wp-content\/uploads\/2010\/03\/sos-spanish-coastine-6-200x133.jpg 200w, https:\/\/www.chavinandez.com\/blog\/wp-content\/uploads\/2010\/03\/sos-spanish-coastine-6-451x300.jpg 451w\" sizes=\"auto, (max-width: 500px) 100vw, 500px\" \/><\/a><\/p>\n<p>Este pasado 13 de Marzo he podido disfrutar con un mont\u00f3n de gente, la mayor\u00eda alicantinos, en una Kedada organizada por <a href=\"http:\/\/www.afalilucentum.es\/afaliweb\/index.php?option=com_content&amp;view=article&amp;id=148:sos-paisajes-cronica&amp;catid=36:kedadas-oficiales&amp;Itemid=34\">AFALI LUCENTUM<\/a> ( Agrupaci\u00f3n Fotogr\u00e1fica de Alicante ) para apoyar el proyecto de <a href=\"http:\/\/blog.paisajesdemar.com\/2010\/03\/14\/reportaje-en-la-sexta-sobre-la-concentracion-fotografica-de-alicante\/\">S.O.S Paisajes de Mar<\/a>, encabezado por el fot\u00f3grafo <a href=\"http:\/\/www.josebruiz.com\/\">Jos\u00e9 Benito Ruiz<\/a>.<\/p>\n<p><!--more--><\/p>\n<p><a href=\"https:\/\/www.chavinandez.com\/blog\/wp-content\/uploads\/2010\/03\/sos-spanish-coastine-5.jpg\"><img loading=\"lazy\" decoding=\"async\" class=\"alignnone size-full wp-image-2477\" title=\"sos-spanish-coastine-5\" src=\"https:\/\/www.chavinandez.com\/blog\/wp-content\/uploads\/2010\/03\/sos-spanish-coastine-5.jpg\" alt=\"\" width=\"500\" height=\"332\" srcset=\"https:\/\/www.chavinandez.com\/blog\/wp-content\/uploads\/2010\/03\/sos-spanish-coastine-5.jpg 600w, https:\/\/www.chavinandez.com\/blog\/wp-content\/uploads\/2010\/03\/sos-spanish-coastine-5-200x133.jpg 200w, https:\/\/www.chavinandez.com\/blog\/wp-content\/uploads\/2010\/03\/sos-spanish-coastine-5-451x300.jpg 451w\" sizes=\"auto, (max-width: 500px) 100vw, 500px\" \/><\/a><\/p>\n<p>Durante toda la ma\u00f1ana, diferentes grupos se han repartido por la costa alicantina de norte a sur,\u00a0 para recoger alguno de los rincones de playas y calas que desde hace a\u00f1os son objeto de incumplimiento de la ley de costas, que establece un m\u00ednimo de 500 metros para la construcci\u00f3n de las edificaciones, y que actualmente no se cumple en ninguna costa del litoral. A primera hora de la ma\u00f1ana los participantes de la zona de Alicante ciudad, se repart\u00edan en varios grupos, unos por mar, otros por aire y el resto en distintos equipos por tierra. La ma\u00f1ana sal\u00eda fresca y con bruma y no fue hasta casi las 12 del mediod\u00eda en la zona norte donde pudimos ver el sol.<\/p>\n<p><a href=\"https:\/\/www.chavinandez.com\/blog\/wp-content\/uploads\/2010\/03\/sos-spanish-coastine-4.jpg\"><img loading=\"lazy\" decoding=\"async\" class=\"alignnone size-full wp-image-2478\" title=\"sos-spanish-coastine-4\" src=\"https:\/\/www.chavinandez.com\/blog\/wp-content\/uploads\/2010\/03\/sos-spanish-coastine-4.jpg\" alt=\"\" width=\"500\" height=\"332\" srcset=\"https:\/\/www.chavinandez.com\/blog\/wp-content\/uploads\/2010\/03\/sos-spanish-coastine-4.jpg 600w, https:\/\/www.chavinandez.com\/blog\/wp-content\/uploads\/2010\/03\/sos-spanish-coastine-4-200x133.jpg 200w, https:\/\/www.chavinandez.com\/blog\/wp-content\/uploads\/2010\/03\/sos-spanish-coastine-4-451x300.jpg 451w\" sizes=\"auto, (max-width: 500px) 100vw, 500px\" \/><\/a><\/p>\n<p>A mi me toc\u00f3 acompa\u00f1ar al grupo capitaneado por Jos\u00e9 Carlos, responsable de AFALI Lucentum, quien me fue contando con todo lujo detalles cada uno de los puntos que visit\u00e1bamos, y la cantidad de ilegalidades que se han cometido en muchas zonas, cerrando incluso el acceso a las peque\u00f1as playas y calas o privatizando las propias urbanizaciones y hoteles el disfrute y servicio p\u00fablico de las costas en las que se han establecido. Aunque no recorrimos muchos kil\u00f3metros, en apenas una veintena de kil\u00f3metros al norte de la ciudad alicantina pudimos ver y fotografiar localizaciones en donde a pesar del urbanismo desmesurado todav\u00eda siguen quedando algunas joyas de ese litoral de la Costa Blanca, aunque visiblemente presas del cemento y otras pol\u00edticas econ\u00f3micas de mayor peso.<\/p>\n<p><a href=\"https:\/\/www.chavinandez.com\/blog\/wp-content\/uploads\/2010\/03\/sos-spanish-coastine-3.jpg\"><img loading=\"lazy\" decoding=\"async\" class=\"alignnone size-full wp-image-2479\" title=\"sos-spanish-coastine-3\" src=\"https:\/\/www.chavinandez.com\/blog\/wp-content\/uploads\/2010\/03\/sos-spanish-coastine-3.jpg\" alt=\"\" width=\"500\" height=\"332\" srcset=\"https:\/\/www.chavinandez.com\/blog\/wp-content\/uploads\/2010\/03\/sos-spanish-coastine-3.jpg 600w, https:\/\/www.chavinandez.com\/blog\/wp-content\/uploads\/2010\/03\/sos-spanish-coastine-3-200x133.jpg 200w, https:\/\/www.chavinandez.com\/blog\/wp-content\/uploads\/2010\/03\/sos-spanish-coastine-3-451x300.jpg 451w\" sizes=\"auto, (max-width: 500px) 100vw, 500px\" \/><\/a><\/p>\n<p>Sobre las 13 horas, todos los grupos terminaron sus recorridos y el punto de encuentro de la kedada en Alicante para comer, fue el restaurante Mayoral, en la Playa de San Juan, en donde poco a poco fueron llegando de una y otra parte participantes de la zona de alicante principalmente. Una vez todos all\u00ed, pudimos degustar una exquisita paella que nos ofrecieron los due\u00f1os del restaurante, amigos de la Asociaci\u00f3n fotogr\u00e1fica y entre charlas, conversaciones y apuntes de los medios gr\u00e1ficos que asistieron finalmente lleg\u00f3 el momento de la despedida y de llevarnos cada uno, mucho m\u00e1s que una reivindicaci\u00f3n colectiva por la necesidad de cuidar los litorales, la obligaci\u00f3n con c\u00e1mara en mano o sin ella, de denunciar aquello que beneficia a unos pocos y perjudica a la gran mayor\u00eda, quebrantando y mutilando la naturaleza que est\u00e1 presente en nuestras costas, y que pertenece y es de todos.<\/p>\n<p>De todo ello aqu\u00ed os dejo un <a href=\"http:\/\/www.photoshelter.com\/c\/chavinandez\/gallery\/SOS-Spanish-Coastline-13M-2010\/G0000jw0HMAJMnyA\/\">breve reportaje<\/a> con 75 de esos instantes vividos durante la Kedada.<\/p>\n","protected":false},"excerpt":{"rendered":"<p>Este pasado 13 de Marzo he podido disfrutar con un mont\u00f3n de gente, la mayor\u00eda alicantinos, en una Kedada organizada por AFALI LUCENTUM ( Agrupaci\u00f3n Fotogr\u00e1fica de Alicante ) para apoyar el proyecto de S.O.S Paisajes de Mar, encabezado por el fot\u00f3grafo Jos\u00e9 Benito Ruiz.<\/p>\n","protected":false},"author":1,"featured_media":0,"comment_status":"open","ping_status":"open","sticky":false,"template":"","format":"standard","meta":{"footnotes":""},"categories":[53,7,9],"tags":[718,701,719,715,716,627,717],"class_list":["post-2473","post","type-post","status-publish","format-standard","hentry","category-documental","category-experiencias","category-imagenes","tag-afali-lucentum","tag-alicante","tag-costa-blanca","tag-fotografia-denuncia","tag-litorales-espanoles","tag-sos-paisajes-de-mar","tag-sos-spanish-coastline","column","threecol"],"_links":{"self":[{"href":"https:\/\/www.chavinandez.com\/blog\/wp-json\/wp\/v2\/posts\/2473","targetHints":{"allow":["GET"]}}],"collection":[{"href":"https:\/\/www.chavinandez.com\/blog\/wp-json\/wp\/v2\/posts"}],"about":[{"href":"https:\/\/www.chavinandez.com\/blog\/wp-json\/wp\/v2\/types\/post"}],"author":[{"embeddable":true,"href":"https:\/\/www.chavinandez.com\/blog\/wp-json\/wp\/v2\/users\/1"}],"replies":[{"embeddable":true,"href":"https:\/\/www.chavinandez.com\/blog\/wp-json\/wp\/v2\/comments?post=2473"}],"version-history":[{"count":7,"href":"https:\/\/www.chavinandez.com\/blog\/wp-json\/wp\/v2\/posts\/2473\/revisions"}],"predecessor-version":[{"id":2483,"href":"https:\/\/www.chavinandez.com\/blog\/wp-json\/wp\/v2\/posts\/2473\/revisions\/2483"}],"wp:attachment":[{"href":"https:\/\/www.chavinandez.com\/blog\/wp-json\/wp\/v2\/media?parent=2473"}],"wp:term":[{"taxonomy":"category","embeddable":true,"href":"https:\/\/www.chavinandez.com\/blog\/wp-json\/wp\/v2\/categories?post=2473"},{"taxonomy":"post_tag","embeddable":true,"href":"https:\/\/www.chavinandez.com\/blog\/wp-json\/wp\/v2\/tags?post=2473"}],"curies":[{"name":"wp","href":"https:\/\/api.w.org\/{rel}","templated":true}]}}