{"id":2459,"date":"2010-03-11T10:34:48","date_gmt":"2010-03-11T08:34:48","guid":{"rendered":"http:\/\/www.chavinandez.com\/blog\/?p=2459"},"modified":"2010-03-11T11:57:45","modified_gmt":"2010-03-11T09:57:45","slug":"gallocanta-monegros-y-valles-occidentales-protagonistas-en-san-juan-de-alicante","status":"publish","type":"post","link":"https:\/\/www.chavinandez.com\/blog\/gallocanta-monegros-y-valles-occidentales-protagonistas-en-san-juan-de-alicante\/","title":{"rendered":"Gallocanta, Monegros y Valles Occidentales protagonistas en San Juan de Alicante"},"content":{"rendered":"<p><a href=\"https:\/\/www.chavinandez.com\/blog\/wp-content\/uploads\/2010\/03\/milvus-milvus.jpg\"><img loading=\"lazy\" decoding=\"async\" class=\"alignnone size-full wp-image-2464\" title=\"milvus-milvus\" src=\"https:\/\/www.chavinandez.com\/blog\/wp-content\/uploads\/2010\/03\/milvus-milvus.jpg\" alt=\"\" width=\"500\" height=\"360\" \/><\/a><\/p>\n<p>Ma\u00f1ana d\u00eda 12 se realiza en la Casa de Cultura de San Juan de Alicante una proyecci\u00f3n coloquio bajo el t\u00edtulo, &#8220;H\u00e1bitats de Arag\u00f3n&#8221;, organizada por la Asociaci\u00f3n Fotogr\u00e1fica Lumen y que tendr\u00e1 como protagonistas tres de nuestros h\u00e1bitats m\u00e1s desconocidos pero que suscitan gran inter\u00e9s. Para quienes vay\u00e1is a estar por la zona y dese\u00e9is descubrir algo m\u00e1s del paisaje y el territorio siempre lleno de contrastes de estos espacios de Arag\u00f3n, ya sab\u00e9is, la cita es el viernes d\u00eda 12 de Marzo a las 20 horas en la Casa de Cultura de San Juan de Alicante.<\/p>\n","protected":false},"excerpt":{"rendered":"<p>Ma\u00f1ana d\u00eda 12 se realiza en la Casa de Cultura de San Juan de Alicante una proyecci\u00f3n coloquio bajo el t\u00edtulo, &#8220;H\u00e1bitats de Arag\u00f3n&#8221;, organizada por la Asociaci\u00f3n Fotogr\u00e1fica Lumen y que tendr\u00e1 como protagonistas tres de nuestros h\u00e1bitats m\u00e1s desconocidos pero que suscitan gran inter\u00e9s. Para quienes vay\u00e1is a &#8230;<\/p>\n","protected":false},"author":1,"featured_media":0,"comment_status":"open","ping_status":"open","sticky":false,"template":"","format":"standard","meta":{"footnotes":""},"categories":[344,159,356],"tags":[229,2119,346,599,132,150,66,100],"class_list":["post-2459","post","type-post","status-publish","format-standard","hentry","category-charlas","category-destinos","category-novedades","tag-aragon","tag-charlas","tag-conferencias","tag-espacios-naturales","tag-espacios-protegidos","tag-gallocanta","tag-los-valles-occidentales","tag-monegros","column","threecol"],"_links":{"self":[{"href":"https:\/\/www.chavinandez.com\/blog\/wp-json\/wp\/v2\/posts\/2459","targetHints":{"allow":["GET"]}}],"collection":[{"href":"https:\/\/www.chavinandez.com\/blog\/wp-json\/wp\/v2\/posts"}],"about":[{"href":"https:\/\/www.chavinandez.com\/blog\/wp-json\/wp\/v2\/types\/post"}],"author":[{"embeddable":true,"href":"https:\/\/www.chavinandez.com\/blog\/wp-json\/wp\/v2\/users\/1"}],"replies":[{"embeddable":true,"href":"https:\/\/www.chavinandez.com\/blog\/wp-json\/wp\/v2\/comments?post=2459"}],"version-history":[{"count":5,"href":"https:\/\/www.chavinandez.com\/blog\/wp-json\/wp\/v2\/posts\/2459\/revisions"}],"predecessor-version":[{"id":2466,"href":"https:\/\/www.chavinandez.com\/blog\/wp-json\/wp\/v2\/posts\/2459\/revisions\/2466"}],"wp:attachment":[{"href":"https:\/\/www.chavinandez.com\/blog\/wp-json\/wp\/v2\/media?parent=2459"}],"wp:term":[{"taxonomy":"category","embeddable":true,"href":"https:\/\/www.chavinandez.com\/blog\/wp-json\/wp\/v2\/categories?post=2459"},{"taxonomy":"post_tag","embeddable":true,"href":"https:\/\/www.chavinandez.com\/blog\/wp-json\/wp\/v2\/tags?post=2459"}],"curies":[{"name":"wp","href":"https:\/\/api.w.org\/{rel}","templated":true}]}}