{"id":2440,"date":"2010-03-04T12:51:40","date_gmt":"2010-03-04T10:51:40","guid":{"rendered":"http:\/\/www.chavinandez.com\/blog\/?p=2440"},"modified":"2010-03-04T12:51:40","modified_gmt":"2010-03-04T10:51:40","slug":"la-asociacion-fotografica-lumen-abrira-su-programa-de-actividades-con-una-proyeccion-sobre-aragon","status":"publish","type":"post","link":"https:\/\/www.chavinandez.com\/blog\/la-asociacion-fotografica-lumen-abrira-su-programa-de-actividades-con-una-proyeccion-sobre-aragon\/","title":{"rendered":"La Asociaci\u00f3n Fotogr\u00e1fica LUMEN abrir\u00e1 su programa de actividades con una proyecci\u00f3n sobre Arag\u00f3n"},"content":{"rendered":"<p><a href=\"https:\/\/www.chavinandez.com\/blog\/wp-content\/uploads\/2010\/03\/cartelhabitatsali12m.jpg\"><img loading=\"lazy\" decoding=\"async\" class=\"alignnone size-full wp-image-2439\" title=\"cartelhabitatsali12m\" src=\"https:\/\/www.chavinandez.com\/blog\/wp-content\/uploads\/2010\/03\/cartelhabitatsali12m.jpg\" alt=\"\" width=\"500\" height=\"461\" srcset=\"https:\/\/www.chavinandez.com\/blog\/wp-content\/uploads\/2010\/03\/cartelhabitatsali12m.jpg 1200w, https:\/\/www.chavinandez.com\/blog\/wp-content\/uploads\/2010\/03\/cartelhabitatsali12m-162x150.jpg 162w, https:\/\/www.chavinandez.com\/blog\/wp-content\/uploads\/2010\/03\/cartelhabitatsali12m-324x300.jpg 324w\" sizes=\"auto, (max-width: 500px) 100vw, 500px\" \/><\/a><\/p>\n<p>El pr\u00f3ximo 12 de Marzo tengo el placer de inaugurar el programa de actividades de la Asociaci\u00f3n Fotogr\u00e1fica Lumen de San Juan de Alicante con una proyecci\u00f3n sobre nuestros h\u00e1bitats de Arag\u00f3n, entre los que estar\u00e1n las estepas monegrinas, los Valles Occidentales o la comarca de las Cinco Villas. La proyecci\u00f3n tendr\u00e1 lugar en la Casa de Cultura del Ayuntamiento de San Juan de Alicante el viernes 12 de Marzo a las 20 horas y preceder\u00e1 a los talleres intensivos de Fotograf\u00eda de Viajes que se celebran durante el fin de semana en la ciudad de Alicante.<\/p>\n","protected":false},"excerpt":{"rendered":"<p>El pr\u00f3ximo 12 de Marzo tengo el placer de inaugurar el programa de actividades de la Asociaci\u00f3n Fotogr\u00e1fica Lumen de San Juan de Alicante con una proyecci\u00f3n sobre nuestros h\u00e1bitats de Arag\u00f3n, entre los que estar\u00e1n las estepas monegrinas, los Valles Occidentales o la comarca de las Cinco Villas. La &#8230;<\/p>\n","protected":false},"author":1,"featured_media":0,"comment_status":"open","ping_status":"open","sticky":false,"template":"","format":"standard","meta":{"footnotes":""},"categories":[344,159,7,356,23],"tags":[701,699,702,112,703,704,700],"class_list":["post-2440","post","type-post","status-publish","format-standard","hentry","category-charlas","category-destinos","category-experiencias","category-novedades","category-promocion","tag-alicante","tag-asociacion-fotografica-lumen","tag-fotografia-de-aragon","tag-fotografia-de-paisajes","tag-habitats-de-aragon","tag-paraiso-fotografico","tag-san-juan-de-alicante","column","threecol"],"_links":{"self":[{"href":"https:\/\/www.chavinandez.com\/blog\/wp-json\/wp\/v2\/posts\/2440","targetHints":{"allow":["GET"]}}],"collection":[{"href":"https:\/\/www.chavinandez.com\/blog\/wp-json\/wp\/v2\/posts"}],"about":[{"href":"https:\/\/www.chavinandez.com\/blog\/wp-json\/wp\/v2\/types\/post"}],"author":[{"embeddable":true,"href":"https:\/\/www.chavinandez.com\/blog\/wp-json\/wp\/v2\/users\/1"}],"replies":[{"embeddable":true,"href":"https:\/\/www.chavinandez.com\/blog\/wp-json\/wp\/v2\/comments?post=2440"}],"version-history":[{"count":1,"href":"https:\/\/www.chavinandez.com\/blog\/wp-json\/wp\/v2\/posts\/2440\/revisions"}],"predecessor-version":[{"id":2441,"href":"https:\/\/www.chavinandez.com\/blog\/wp-json\/wp\/v2\/posts\/2440\/revisions\/2441"}],"wp:attachment":[{"href":"https:\/\/www.chavinandez.com\/blog\/wp-json\/wp\/v2\/media?parent=2440"}],"wp:term":[{"taxonomy":"category","embeddable":true,"href":"https:\/\/www.chavinandez.com\/blog\/wp-json\/wp\/v2\/categories?post=2440"},{"taxonomy":"post_tag","embeddable":true,"href":"https:\/\/www.chavinandez.com\/blog\/wp-json\/wp\/v2\/tags?post=2440"}],"curies":[{"name":"wp","href":"https:\/\/api.w.org\/{rel}","templated":true}]}}