{"id":2360,"date":"2010-02-01T11:34:21","date_gmt":"2010-02-01T09:34:21","guid":{"rendered":"http:\/\/www.chavinandez.com\/blog\/?p=2360"},"modified":"2010-02-04T10:19:41","modified_gmt":"2010-02-04T08:19:41","slug":"pirineo-vivo-visitara-huesca-y-lleida-en-febrero","status":"publish","type":"post","link":"https:\/\/www.chavinandez.com\/blog\/pirineo-vivo-visitara-huesca-y-lleida-en-febrero\/","title":{"rendered":"Pirineo Vivo visitar\u00e1 Huesca y Lleida en febrero"},"content":{"rendered":"<p><a href=\"http:\/\/www.photoshelter.com\/c\/chavinandez\/gallery\/Pirineo-Vivo-Collection\/G0000m._JTOW1Kfg\/?_bqH=eJwrjQoMKo7I8QvR9w8tKTP10DctMrLQLsgK9DaxsjIytbJyj_d0sXU3AIJcvXivEP9wQ..0dDV3z3h3Rx8f16BIbNIAPaoYxA--&amp;_bqO=1\"><img loading=\"lazy\" decoding=\"async\" class=\"alignnone size-full wp-image-2361\" title=\"pirineo-vivo-27\" src=\"https:\/\/www.chavinandez.com\/blog\/wp-content\/uploads\/2010\/02\/pirineo-vivo-27.jpg\" alt=\"\" width=\"500\" height=\"500\" srcset=\"https:\/\/www.chavinandez.com\/blog\/wp-content\/uploads\/2010\/02\/pirineo-vivo-27.jpg 500w, https:\/\/www.chavinandez.com\/blog\/wp-content\/uploads\/2010\/02\/pirineo-vivo-27-150x150.jpg 150w, https:\/\/www.chavinandez.com\/blog\/wp-content\/uploads\/2010\/02\/pirineo-vivo-27-300x300.jpg 300w\" sizes=\"auto, (max-width: 500px) 100vw, 500px\" \/><\/a><\/p>\n<p>La exposici\u00f3n itinerante <a href=\"http:\/\/www.photoshelter.com\/c\/chavinandez\/gallery-slideshow\/G0000m._JTOW1Kfg\/?start=\">Pirineo Vivo <\/a>visitar\u00e1 este mes, la ciudad de <strong>Huesca del 2 al 14 de febrero<\/strong>, en donde se acoger\u00e1 durante dos semanas en la nave n\u00ba 2 del<strong> <\/strong><a href=\"http:\/\/www.ayuntamientohuesca.es\/000_estructura\/index.php?id=1935\"><strong>Centro Cultural el Matadero del Ayuntaminto de Huesca<\/strong><\/a>. Del d\u00eda 15 al 28 <a href=\"http:\/\/www.photoshelter.com\/c\/chavinandez\/gallery-slideshow\/G0000m._JTOW1Kfg\/?start=\">Pirineo Vivo<\/a> estar\u00e1 albergada en el <a href=\"http:\/\/www.cerclebellesarts.com\">C\u00edrculo de Bellas Artes de Lleida<\/a>, concretamente en la <strong>Sala Mariano Gom\u00e0<\/strong>.<\/p>\n<p>Pirineo Vivo en los medios. <a href=\"http:\/\/www.diariodelaltoaragon.es\/NoticiasDetalle.aspx?Id=613091\">Diario del Alto Arag\u00f3n<\/a><\/p>\n","protected":false},"excerpt":{"rendered":"<p>La exposici\u00f3n itinerante Pirineo Vivo visitar\u00e1 este mes, la ciudad de Huesca del 2 al 14 de febrero, en donde se acoger\u00e1 durante dos semanas en la nave n\u00ba 2 del Centro Cultural el Matadero del Ayuntaminto de Huesca. Del d\u00eda 15 al 28 Pirineo Vivo estar\u00e1 albergada en el &#8230;<\/p>\n","protected":false},"author":1,"featured_media":0,"comment_status":"open","ping_status":"open","sticky":false,"template":"","format":"standard","meta":{"footnotes":""},"categories":[305,36,23],"tags":[62,481,659,658,657,655,375,654,656],"class_list":["post-2360","post","type-post","status-publish","format-standard","hentry","category-exposiciones","category-fotografia","category-promocion","tag-chavinandez","tag-exposiciones-de-fotografia","tag-fotografia-en-lienzo","tag-huesca-exposiciones","tag-lleida-exposiciones","tag-matadero-de-huesca","tag-muestra-itinerante-pirineo-vivo","tag-pirineo-vivo-exposicion","tag-sala-mariano-goma","column","threecol"],"_links":{"self":[{"href":"https:\/\/www.chavinandez.com\/blog\/wp-json\/wp\/v2\/posts\/2360","targetHints":{"allow":["GET"]}}],"collection":[{"href":"https:\/\/www.chavinandez.com\/blog\/wp-json\/wp\/v2\/posts"}],"about":[{"href":"https:\/\/www.chavinandez.com\/blog\/wp-json\/wp\/v2\/types\/post"}],"author":[{"embeddable":true,"href":"https:\/\/www.chavinandez.com\/blog\/wp-json\/wp\/v2\/users\/1"}],"replies":[{"embeddable":true,"href":"https:\/\/www.chavinandez.com\/blog\/wp-json\/wp\/v2\/comments?post=2360"}],"version-history":[{"count":3,"href":"https:\/\/www.chavinandez.com\/blog\/wp-json\/wp\/v2\/posts\/2360\/revisions"}],"predecessor-version":[{"id":2370,"href":"https:\/\/www.chavinandez.com\/blog\/wp-json\/wp\/v2\/posts\/2360\/revisions\/2370"}],"wp:attachment":[{"href":"https:\/\/www.chavinandez.com\/blog\/wp-json\/wp\/v2\/media?parent=2360"}],"wp:term":[{"taxonomy":"category","embeddable":true,"href":"https:\/\/www.chavinandez.com\/blog\/wp-json\/wp\/v2\/categories?post=2360"},{"taxonomy":"post_tag","embeddable":true,"href":"https:\/\/www.chavinandez.com\/blog\/wp-json\/wp\/v2\/tags?post=2360"}],"curies":[{"name":"wp","href":"https:\/\/api.w.org\/{rel}","templated":true}]}}