{"id":2320,"date":"2010-01-16T22:12:01","date_gmt":"2010-01-16T20:12:01","guid":{"rendered":"http:\/\/www.chavinandez.com\/blog\/?p=2320"},"modified":"2010-01-16T22:12:01","modified_gmt":"2010-01-16T20:12:01","slug":"frio-extremo-paisajes-gelidos","status":"publish","type":"post","link":"https:\/\/www.chavinandez.com\/blog\/frio-extremo-paisajes-gelidos\/","title":{"rendered":"Fr\u00edo extremo, paisajes g\u00e9lidos"},"content":{"rendered":"<p><a href=\"https:\/\/www.chavinandez.com\/blog\/wp-content\/uploads\/2010\/01\/gallocanta-1-4.jpg\"><img loading=\"lazy\" decoding=\"async\" class=\"alignnone size-full wp-image-2323\" title=\"gallocanta-1-4\" src=\"https:\/\/www.chavinandez.com\/blog\/wp-content\/uploads\/2010\/01\/gallocanta-1-4.jpg\" alt=\"\" width=\"500\" height=\"332\" srcset=\"https:\/\/www.chavinandez.com\/blog\/wp-content\/uploads\/2010\/01\/gallocanta-1-4.jpg 600w, https:\/\/www.chavinandez.com\/blog\/wp-content\/uploads\/2010\/01\/gallocanta-1-4-200x133.jpg 200w, https:\/\/www.chavinandez.com\/blog\/wp-content\/uploads\/2010\/01\/gallocanta-1-4-451x300.jpg 451w\" sizes=\"auto, (max-width: 500px) 100vw, 500px\" \/><\/a><\/p>\n<p>Recuerdo haber estado a temperaturas algo extremas en la <strong><a href=\"http:\/\/www.photoshelter.com\/c\/chavinandez\/gallery\/Gallocanta-Lagoon-Wildlife-reserve\/G0000p5Wve2eyepk\/\">Laguna de Gallocanta<\/a><\/strong>, ya que es una de las zonas m\u00e1s fr\u00edas de Arag\u00f3n, junto a Calamocha. Sin embargo, cuando el viento es muy fuerte, a 1000 mts de altitud, no es una de las mejores zonas para tomar el sol.<\/p>\n<p><!--more--><\/p>\n<p><a href=\"https:\/\/www.chavinandez.com\/blog\/wp-content\/uploads\/2010\/01\/gallocanta-1-2.jpg\"><img loading=\"lazy\" decoding=\"async\" class=\"alignnone size-full wp-image-2322\" title=\"gallocanta-1-2\" src=\"https:\/\/www.chavinandez.com\/blog\/wp-content\/uploads\/2010\/01\/gallocanta-1-2.jpg\" alt=\"\" width=\"500\" height=\"332\" srcset=\"https:\/\/www.chavinandez.com\/blog\/wp-content\/uploads\/2010\/01\/gallocanta-1-2.jpg 600w, https:\/\/www.chavinandez.com\/blog\/wp-content\/uploads\/2010\/01\/gallocanta-1-2-200x133.jpg 200w, https:\/\/www.chavinandez.com\/blog\/wp-content\/uploads\/2010\/01\/gallocanta-1-2-451x300.jpg 451w\" sizes=\"auto, (max-width: 500px) 100vw, 500px\" \/><\/a><\/p>\n<p>Este pasado jueves estuvimos por Gallocanta, intentando captar ese paisaje extremo del temporal, que mantuvo incomunicados durante varios d\u00edas a los habitantes de Used. Alguno de los ancianos del pueblo nos dijeron, que desde el a\u00f1o 1954 no hab\u00eda ca\u00eddo semejante nevada por la zona. Cuando nosotros llegamos el jueves, ya estaba todo transitable, pueblos y carreteras hab\u00edan vuelto a la normalidad, pero sin duda, el viento intenso que vivimos en la jornada, no lo hab\u00eda vivido nunca por all\u00ed. A pesar de todo poner las bater\u00edas en funcionamiento a estas temperaturas bajo cero, fue una buena pr\u00e1ctica para los asistentes, que pudieron comprobar, que no todas las bater\u00edas de eBay, funcionan en seg\u00fan que condiciones.<\/p>\n<p><a href=\"https:\/\/www.chavinandez.com\/blog\/wp-content\/uploads\/2010\/01\/chavinandez.jpg\"><img loading=\"lazy\" decoding=\"async\" class=\"alignnone size-full wp-image-2321\" title=\"chavinandez\" src=\"https:\/\/www.chavinandez.com\/blog\/wp-content\/uploads\/2010\/01\/chavinandez.jpg\" alt=\"\" width=\"500\" height=\"335\" srcset=\"https:\/\/www.chavinandez.com\/blog\/wp-content\/uploads\/2010\/01\/chavinandez.jpg 800w, https:\/\/www.chavinandez.com\/blog\/wp-content\/uploads\/2010\/01\/chavinandez-200x134.jpg 200w, https:\/\/www.chavinandez.com\/blog\/wp-content\/uploads\/2010\/01\/chavinandez-446x300.jpg 446w\" sizes=\"auto, (max-width: 500px) 100vw, 500px\" \/><\/a><\/p>\n<p>Aqu\u00ed os dejo una instant\u00e1nea de uno de los momentos de la jornada, gentileza de <strong><a href=\"http:\/\/www.cincovillas.info\">Eduardo Ram\u00f3n<\/a><\/strong> (<a href=\"http:\/\/www.cincovillas.info\">cincovillas.info<\/a>) y el link a media docena de las im\u00e1genes de la jornada que acabo de subir a la galer\u00eda de Gallocanta en <a href=\"http:\/\/www.flickr.com\/photos\/chavinandez\/sets\/72157600032829479\/\">Flickr<\/a>.<\/p>\n<p>[ad#468]<\/p>\n","protected":false},"excerpt":{"rendered":"<p>Recuerdo haber estado a temperaturas algo extremas en la Laguna de Gallocanta, ya que es una de las zonas m\u00e1s fr\u00edas de Arag\u00f3n, junto a Calamocha. Sin embargo, cuando el viento es muy fuerte, a 1000 mts de altitud, no es una de las mejores zonas para tomar el sol.<\/p>\n","protected":false},"author":1,"featured_media":0,"comment_status":"open","ping_status":"open","sticky":false,"template":"","format":"standard","meta":{"footnotes":""},"categories":[159,7,37],"tags":[184,416,566,150,631,632],"class_list":["post-2320","post","type-post","status-publish","format-standard","hentry","category-destinos","category-experiencias","category-talleres","tag-cursos-de-fotografia","tag-fotografia-en-aragon","tag-fotografia-en-gallocanta","tag-gallocanta","tag-grullas-en-gallocanta","tag-paisaje-invernal","column","threecol"],"_links":{"self":[{"href":"https:\/\/www.chavinandez.com\/blog\/wp-json\/wp\/v2\/posts\/2320","targetHints":{"allow":["GET"]}}],"collection":[{"href":"https:\/\/www.chavinandez.com\/blog\/wp-json\/wp\/v2\/posts"}],"about":[{"href":"https:\/\/www.chavinandez.com\/blog\/wp-json\/wp\/v2\/types\/post"}],"author":[{"embeddable":true,"href":"https:\/\/www.chavinandez.com\/blog\/wp-json\/wp\/v2\/users\/1"}],"replies":[{"embeddable":true,"href":"https:\/\/www.chavinandez.com\/blog\/wp-json\/wp\/v2\/comments?post=2320"}],"version-history":[{"count":1,"href":"https:\/\/www.chavinandez.com\/blog\/wp-json\/wp\/v2\/posts\/2320\/revisions"}],"predecessor-version":[{"id":2324,"href":"https:\/\/www.chavinandez.com\/blog\/wp-json\/wp\/v2\/posts\/2320\/revisions\/2324"}],"wp:attachment":[{"href":"https:\/\/www.chavinandez.com\/blog\/wp-json\/wp\/v2\/media?parent=2320"}],"wp:term":[{"taxonomy":"category","embeddable":true,"href":"https:\/\/www.chavinandez.com\/blog\/wp-json\/wp\/v2\/categories?post=2320"},{"taxonomy":"post_tag","embeddable":true,"href":"https:\/\/www.chavinandez.com\/blog\/wp-json\/wp\/v2\/tags?post=2320"}],"curies":[{"name":"wp","href":"https:\/\/api.w.org\/{rel}","templated":true}]}}