{"id":2281,"date":"2009-12-26T11:51:22","date_gmt":"2009-12-26T09:51:22","guid":{"rendered":"http:\/\/www.chavinandez.com\/blog\/?p=2281"},"modified":"2009-12-26T11:51:22","modified_gmt":"2009-12-26T09:51:22","slug":"el-tiempo-que-se-nos-va","status":"publish","type":"post","link":"https:\/\/www.chavinandez.com\/blog\/el-tiempo-que-se-nos-va\/","title":{"rendered":"El tiempo que se nos va&#8230;"},"content":{"rendered":"<p><a href=\"https:\/\/www.chavinandez.com\/blog\/wp-content\/uploads\/2009\/12\/landscape_spain5320.jpg\"><img loading=\"lazy\" decoding=\"async\" class=\"alignnone size-full wp-image-2280\" title=\"landscape_spain5320\" src=\"https:\/\/www.chavinandez.com\/blog\/wp-content\/uploads\/2009\/12\/landscape_spain5320.jpg\" alt=\"\" width=\"500\" height=\"332\" srcset=\"https:\/\/www.chavinandez.com\/blog\/wp-content\/uploads\/2009\/12\/landscape_spain5320.jpg 500w, https:\/\/www.chavinandez.com\/blog\/wp-content\/uploads\/2009\/12\/landscape_spain5320-200x132.jpg 200w, https:\/\/www.chavinandez.com\/blog\/wp-content\/uploads\/2009\/12\/landscape_spain5320-451x300.jpg 451w\" sizes=\"auto, (max-width: 500px) 100vw, 500px\" \/><\/a><\/p>\n<p>Aunque muchos no lo creamos, el sol sale cada ma\u00f1ana. Como un reloj nos muestra las horas y minutos que nos quedan de luz con m\u00e1s o menos intensidad. Como la propia vida a veces con nubarrones y otras con destellos incre\u00edbles que nos gu\u00edan en la jornada. El sol sale cada ma\u00f1ana perecedero en el tiempo y recordando que otro nuevo d\u00eda pasar\u00e1, aprovecharlo es solo cuesti\u00f3n de cada uno.<\/p>\n","protected":false},"excerpt":{"rendered":"<p>Aunque muchos no lo creamos, el sol sale cada ma\u00f1ana. Como un reloj nos muestra las horas y minutos que nos quedan de luz con m\u00e1s o menos intensidad. Como la propia vida a veces con nubarrones y otras con destellos incre\u00edbles que nos gu\u00edan en la jornada. El sol &#8230;<\/p>\n","protected":false},"author":1,"featured_media":0,"comment_status":"open","ping_status":"open","sticky":false,"template":"","format":"standard","meta":{"footnotes":""},"categories":[7],"tags":[611,112],"class_list":["post-2281","post","type-post","status-publish","format-standard","hentry","category-experiencias","tag-amanecer","tag-fotografia-de-paisajes","column","threecol"],"_links":{"self":[{"href":"https:\/\/www.chavinandez.com\/blog\/wp-json\/wp\/v2\/posts\/2281","targetHints":{"allow":["GET"]}}],"collection":[{"href":"https:\/\/www.chavinandez.com\/blog\/wp-json\/wp\/v2\/posts"}],"about":[{"href":"https:\/\/www.chavinandez.com\/blog\/wp-json\/wp\/v2\/types\/post"}],"author":[{"embeddable":true,"href":"https:\/\/www.chavinandez.com\/blog\/wp-json\/wp\/v2\/users\/1"}],"replies":[{"embeddable":true,"href":"https:\/\/www.chavinandez.com\/blog\/wp-json\/wp\/v2\/comments?post=2281"}],"version-history":[{"count":2,"href":"https:\/\/www.chavinandez.com\/blog\/wp-json\/wp\/v2\/posts\/2281\/revisions"}],"predecessor-version":[{"id":2283,"href":"https:\/\/www.chavinandez.com\/blog\/wp-json\/wp\/v2\/posts\/2281\/revisions\/2283"}],"wp:attachment":[{"href":"https:\/\/www.chavinandez.com\/blog\/wp-json\/wp\/v2\/media?parent=2281"}],"wp:term":[{"taxonomy":"category","embeddable":true,"href":"https:\/\/www.chavinandez.com\/blog\/wp-json\/wp\/v2\/categories?post=2281"},{"taxonomy":"post_tag","embeddable":true,"href":"https:\/\/www.chavinandez.com\/blog\/wp-json\/wp\/v2\/tags?post=2281"}],"curies":[{"name":"wp","href":"https:\/\/api.w.org\/{rel}","templated":true}]}}