{"id":2064,"date":"2009-09-30T09:41:13","date_gmt":"2009-09-30T07:41:13","guid":{"rendered":"http:\/\/www.chavinandez.com\/blog\/?p=2064"},"modified":"2009-09-30T16:21:28","modified_gmt":"2009-09-30T14:21:28","slug":"guadalajara-un-paseo-por-la-campina","status":"publish","type":"post","link":"https:\/\/www.chavinandez.com\/blog\/guadalajara-un-paseo-por-la-campina\/","title":{"rendered":"Guadalajara, un paseo por la campi\u00f1a"},"content":{"rendered":"<p><a href=\"http:\/\/pa.photoshelter.com\/c\/chavinandez\/gallery\/Guadalajara\/G0000bCXhy7Y4J.A\/\"><img loading=\"lazy\" decoding=\"async\" class=\"alignnone size-full wp-image-2063\" title=\"guadalajara-1\" src=\"https:\/\/www.chavinandez.com\/blog\/wp-content\/uploads\/2009\/09\/guadalajara-1.jpg\" alt=\"\" width=\"500\" height=\"332\" srcset=\"https:\/\/www.chavinandez.com\/blog\/wp-content\/uploads\/2009\/09\/guadalajara-1.jpg 600w, https:\/\/www.chavinandez.com\/blog\/wp-content\/uploads\/2009\/09\/guadalajara-1-200x133.jpg 200w, https:\/\/www.chavinandez.com\/blog\/wp-content\/uploads\/2009\/09\/guadalajara-1-451x300.jpg 451w\" sizes=\"auto, (max-width: 500px) 100vw, 500px\" \/><\/a><\/p>\n<p>Muy cerca de Madrid, ahora en estas fechas, La campi\u00f1a, en Guadalajara viste con orgullo sus mejores colores del oto\u00f1o. Desde Fontanar a Humanes, pasando por Cubillo de Uceda, el Casar, aqu\u00ed os dejo una de las im\u00e1genes del <a href=\"http:\/\/fotolocus.wordpress.com\/servicios\/intensivos-de-fotografia-en-guadajara\/\">intensivo de fotograf\u00eda en Guadalajara<\/a> que realizamos ayer por all\u00ed con <a href=\"http:\/\/fotolocus.wordpress.com\">Fotolocus<\/a>. Como siempre un d\u00eda m\u00e1s de pr\u00e1ctica fotogr\u00e1fica en que los asistentes disfrutaron del m\u00e9todo intensivo en destinos Fotolocus.<\/p>\n","protected":false},"excerpt":{"rendered":"<p>Muy cerca de Madrid, ahora en estas fechas, La campi\u00f1a, en Guadalajara viste con orgullo sus mejores colores del oto\u00f1o. Desde Fontanar a Humanes, pasando por Cubillo de Uceda, el Casar, aqu\u00ed os dejo una de las im\u00e1genes del intensivo de fotograf\u00eda en Guadalajara que realizamos ayer por all\u00ed con &#8230;<\/p>\n","protected":false},"author":1,"featured_media":0,"comment_status":"open","ping_status":"open","sticky":false,"template":"","format":"standard","meta":{"footnotes":""},"categories":[159,7,36,37],"tags":[486,493,443,488,490,386,494,491,366,487,492,353,489,495],"class_list":["post-2064","post","type-post","status-publish","format-standard","hentry","category-destinos","category-experiencias","category-fotografia","category-talleres","tag-campina","tag-cubillo-de-uceda","tag-cursos-de-fotografia-digital","tag-cursos-de-fotografia-en-guadalajara","tag-cursos-fotografia-guadalajara","tag-cursos-intensivos-de-fotografia","tag-el-casar","tag-fontanar","tag-fotolocus","tag-guadalajara","tag-humanes","tag-intensivos-de-fotografia","tag-intensivos-de-fotografia-madrid","tag-ruta-de-la-campina-en-guadalajara","column","threecol"],"_links":{"self":[{"href":"https:\/\/www.chavinandez.com\/blog\/wp-json\/wp\/v2\/posts\/2064","targetHints":{"allow":["GET"]}}],"collection":[{"href":"https:\/\/www.chavinandez.com\/blog\/wp-json\/wp\/v2\/posts"}],"about":[{"href":"https:\/\/www.chavinandez.com\/blog\/wp-json\/wp\/v2\/types\/post"}],"author":[{"embeddable":true,"href":"https:\/\/www.chavinandez.com\/blog\/wp-json\/wp\/v2\/users\/1"}],"replies":[{"embeddable":true,"href":"https:\/\/www.chavinandez.com\/blog\/wp-json\/wp\/v2\/comments?post=2064"}],"version-history":[{"count":2,"href":"https:\/\/www.chavinandez.com\/blog\/wp-json\/wp\/v2\/posts\/2064\/revisions"}],"predecessor-version":[{"id":2066,"href":"https:\/\/www.chavinandez.com\/blog\/wp-json\/wp\/v2\/posts\/2064\/revisions\/2066"}],"wp:attachment":[{"href":"https:\/\/www.chavinandez.com\/blog\/wp-json\/wp\/v2\/media?parent=2064"}],"wp:term":[{"taxonomy":"category","embeddable":true,"href":"https:\/\/www.chavinandez.com\/blog\/wp-json\/wp\/v2\/categories?post=2064"},{"taxonomy":"post_tag","embeddable":true,"href":"https:\/\/www.chavinandez.com\/blog\/wp-json\/wp\/v2\/tags?post=2064"}],"curies":[{"name":"wp","href":"https:\/\/api.w.org\/{rel}","templated":true}]}}