{"id":2047,"date":"2009-09-20T10:48:39","date_gmt":"2009-09-20T08:48:39","guid":{"rendered":"http:\/\/www.chavinandez.com\/blog\/?p=2047"},"modified":"2009-09-20T10:55:58","modified_gmt":"2009-09-20T08:55:58","slug":"iv-jornadas-aragonesas-de-fotografia-de-naturaleza","status":"publish","type":"post","link":"https:\/\/www.chavinandez.com\/blog\/iv-jornadas-aragonesas-de-fotografia-de-naturaleza\/","title":{"rendered":"IV Jornadas Aragonesas de Fotograf\u00eda de Naturaleza"},"content":{"rendered":"<p><a href=\"https:\/\/www.chavinandez.com\/blog\/wp-content\/uploads\/2009\/09\/cartel_iv_j_asafona2009_3_blog.jpg\"><img loading=\"lazy\" decoding=\"async\" class=\"alignnone size-full wp-image-2048\" title=\"cartel_iv_j_asafona2009_3_blog\" src=\"https:\/\/www.chavinandez.com\/blog\/wp-content\/uploads\/2009\/09\/cartel_iv_j_asafona2009_3_blog.jpg\" alt=\"\" width=\"500\" height=\"342\" srcset=\"https:\/\/www.chavinandez.com\/blog\/wp-content\/uploads\/2009\/09\/cartel_iv_j_asafona2009_3_blog.jpg 700w, https:\/\/www.chavinandez.com\/blog\/wp-content\/uploads\/2009\/09\/cartel_iv_j_asafona2009_3_blog-200x137.jpg 200w, https:\/\/www.chavinandez.com\/blog\/wp-content\/uploads\/2009\/09\/cartel_iv_j_asafona2009_3_blog-437x300.jpg 437w\" sizes=\"auto, (max-width: 500px) 100vw, 500px\" \/><\/a><\/p>\n<p>Del <strong>1 al 27 de octubre <\/strong>se celebran en Zaragoza las Jornadas anuales de Fotograf\u00eda de Naturaleza a cargo de <strong><a href=\"http:\/\/www.asafona.org\">ASAFONA<\/a><\/strong>. Este a\u00f1o varias conferencias, proyecciones y la exposici\u00f3n <strong>ASAFONA 2009<\/strong>, estar\u00e1 abierta al publico hasta el 27 de octubre en la Asociaci\u00f3n Art\u00edstica Aragonesa de la Calle Lagasca n\u00ba 21, en Zaragoza.<\/p>\n<p>Par m\u00e1s informaci\u00f3n detallada de la programaci\u00f3n ir a la web de <a href=\"http:\/\/www.asafona.org\">Asafona.org<\/a><\/p>\n","protected":false},"excerpt":{"rendered":"<p>Del 1 al 27 de octubre se celebran en Zaragoza las Jornadas anuales de Fotograf\u00eda de Naturaleza a cargo de ASAFONA. Este a\u00f1o varias conferencias, proyecciones y la exposici\u00f3n ASAFONA 2009, estar\u00e1 abierta al publico hasta el 27 de octubre en la Asociaci\u00f3n Art\u00edstica Aragonesa de la Calle Lagasca n\u00ba &#8230;<\/p>\n","protected":false},"author":1,"featured_media":0,"comment_status":"open","ping_status":"open","sticky":false,"template":"","format":"standard","meta":{"footnotes":""},"categories":[344,305,36,9,356],"tags":[472,301,144,471,2118,72,470,473],"class_list":["post-2047","post","type-post","status-publish","format-standard","hentry","category-charlas","category-exposiciones","category-fotografia","category-imagenes","category-novedades","tag-actividades-de-fotografia-octubre","tag-actividades-de-naturaleza","tag-asafona","tag-asafona-2009","tag-exposiciones","tag-fotografia-de-naturaleza","tag-jornadas-de-fotografia-de-naturaleza","tag-zaragoza-agenda","column","threecol"],"_links":{"self":[{"href":"https:\/\/www.chavinandez.com\/blog\/wp-json\/wp\/v2\/posts\/2047","targetHints":{"allow":["GET"]}}],"collection":[{"href":"https:\/\/www.chavinandez.com\/blog\/wp-json\/wp\/v2\/posts"}],"about":[{"href":"https:\/\/www.chavinandez.com\/blog\/wp-json\/wp\/v2\/types\/post"}],"author":[{"embeddable":true,"href":"https:\/\/www.chavinandez.com\/blog\/wp-json\/wp\/v2\/users\/1"}],"replies":[{"embeddable":true,"href":"https:\/\/www.chavinandez.com\/blog\/wp-json\/wp\/v2\/comments?post=2047"}],"version-history":[{"count":3,"href":"https:\/\/www.chavinandez.com\/blog\/wp-json\/wp\/v2\/posts\/2047\/revisions"}],"predecessor-version":[{"id":2050,"href":"https:\/\/www.chavinandez.com\/blog\/wp-json\/wp\/v2\/posts\/2047\/revisions\/2050"}],"wp:attachment":[{"href":"https:\/\/www.chavinandez.com\/blog\/wp-json\/wp\/v2\/media?parent=2047"}],"wp:term":[{"taxonomy":"category","embeddable":true,"href":"https:\/\/www.chavinandez.com\/blog\/wp-json\/wp\/v2\/categories?post=2047"},{"taxonomy":"post_tag","embeddable":true,"href":"https:\/\/www.chavinandez.com\/blog\/wp-json\/wp\/v2\/tags?post=2047"}],"curies":[{"name":"wp","href":"https:\/\/api.w.org\/{rel}","templated":true}]}}