{"id":1950,"date":"2009-08-24T19:39:33","date_gmt":"2009-08-24T17:39:33","guid":{"rendered":"http:\/\/www.chavinandez.com\/blog\/?p=1950"},"modified":"2009-08-24T19:39:33","modified_gmt":"2009-08-24T17:39:33","slug":"bosques-al-limite","status":"publish","type":"post","link":"https:\/\/www.chavinandez.com\/blog\/bosques-al-limite\/","title":{"rendered":"Bosques al l\u00edmite"},"content":{"rendered":"<p><a href=\"https:\/\/www.chavinandez.com\/blog\/wp-content\/uploads\/2009\/08\/losvalles-1-2.jpg\"><img loading=\"lazy\" decoding=\"async\" class=\"alignnone size-full wp-image-1951\" title=\"losvalles-1-2\" src=\"https:\/\/www.chavinandez.com\/blog\/wp-content\/uploads\/2009\/08\/losvalles-1-2.jpg\" alt=\"\" width=\"500\" height=\"332\" srcset=\"https:\/\/www.chavinandez.com\/blog\/wp-content\/uploads\/2009\/08\/losvalles-1-2.jpg 600w, https:\/\/www.chavinandez.com\/blog\/wp-content\/uploads\/2009\/08\/losvalles-1-2-200x133.jpg 200w, https:\/\/www.chavinandez.com\/blog\/wp-content\/uploads\/2009\/08\/losvalles-1-2-451x300.jpg 451w\" sizes=\"auto, (max-width: 500px) 100vw, 500px\" \/><\/a><\/p>\n<p>Este fin de semana me he podido escapar al Pirineo Aragon\u00e9s, en donde hemos podido comprobar unos cuantos asistentes a uno de los talleres de fotograf\u00eda de <a href=\"http:\/\/www.fotolocus.net\">Fotolocus<\/a>, la belleza y espectacularidad una vez m\u00e1s de los frondosos bosques de Gamueta, Labati, Linza y otros rincones de este Parque Natural de los Valles Occidentales.<\/p>\n<p><!--more--><\/p>\n<p><a href=\"https:\/\/www.chavinandez.com\/blog\/wp-content\/uploads\/2009\/08\/losvalles-1-14.jpg\"><img loading=\"lazy\" decoding=\"async\" class=\"alignnone size-full wp-image-1952\" title=\"losvalles-1-14\" src=\"https:\/\/www.chavinandez.com\/blog\/wp-content\/uploads\/2009\/08\/losvalles-1-14.jpg\" alt=\"\" width=\"500\" height=\"332\" \/><\/a><\/p>\n<p>De clima atl\u00e1ntico, la humedad de \u00e9stos es siempre m\u00e1s o menos constante, si bien la \u00e9poca estival acusan m\u00e1s el calor y como ha sido este a\u00f1o, la falta de lluvias, a pesar de la cantidad de nevadas ca\u00eddas sobre las cumbres durante el invierno. Despu\u00e9s de a\u00f1os de visitar y fotografiar estos parajes, he vuelto algo preocupado y es que los barrancos y cauces de algunas zonas estaban o secos o con un peque\u00f1o hilo de agua, algo que jam\u00e1s hab\u00eda visto antes. Las temperaturas altas que han soportado estos meses \u00faltimos parecen haber hecho desaparecer incluso de las umbr\u00edas, los siempre verdes y frescos musgos del suelo, pero principalmente algo que siempre es el recurso principal de vida de estos bosques, el agua. Esperemos llueva y crezcan de nuevo esos cauces, no s\u00f3lo por la pr\u00f3xima temporada setera sino por que el bosque sin agua est\u00e1 algo m\u00e1s triste, incluida la rana.<\/p>\n<p><a href=\"https:\/\/www.chavinandez.com\/blog\/wp-content\/uploads\/2009\/08\/losvalles-1-15.jpg\"><img loading=\"lazy\" decoding=\"async\" class=\"alignnone size-full wp-image-1953\" title=\"losvalles-1-15\" src=\"https:\/\/www.chavinandez.com\/blog\/wp-content\/uploads\/2009\/08\/losvalles-1-15.jpg\" alt=\"\" width=\"500\" height=\"332\" srcset=\"https:\/\/www.chavinandez.com\/blog\/wp-content\/uploads\/2009\/08\/losvalles-1-15.jpg 600w, https:\/\/www.chavinandez.com\/blog\/wp-content\/uploads\/2009\/08\/losvalles-1-15-200x133.jpg 200w, https:\/\/www.chavinandez.com\/blog\/wp-content\/uploads\/2009\/08\/losvalles-1-15-451x300.jpg 451w\" sizes=\"auto, (max-width: 500px) 100vw, 500px\" \/><\/a><\/p>\n<p>Nos queda el consuelo triste de poder contemplar cada vez m\u00e1s deprisa hasta donde la resistencia de nuestro paisaje y natura es capaz de aguantar, estando hoy algo m\u00e1s amenazado por ese cambio clim\u00e1tico que nos acecha.<\/p>\n","protected":false},"excerpt":{"rendered":"<p>Este fin de semana me he podido escapar al Pirineo Aragon\u00e9s, en donde hemos podido comprobar unos cuantos asistentes a uno de los talleres de fotograf\u00eda de Fotolocus, la belleza y espectacularidad una vez m\u00e1s de los frondosos bosques de Gamueta, Labati, Linza y otros rincones de este Parque Natural &#8230;<\/p>\n","protected":false},"author":1,"featured_media":0,"comment_status":"open","ping_status":"open","sticky":false,"template":"","format":"standard","meta":{"footnotes":""},"categories":[159,7,37],"tags":[184,431,279,366,39,59,41],"class_list":["post-1950","post","type-post","status-publish","format-standard","hentry","category-destinos","category-experiencias","category-talleres","tag-cursos-de-fotografia","tag-escapadas-de-fin-de-semana","tag-fotografia-de-bosques","tag-fotolocus","tag-siresa","tag-talleres-de-fotografia","tag-valles-occidentales","column","threecol"],"_links":{"self":[{"href":"https:\/\/www.chavinandez.com\/blog\/wp-json\/wp\/v2\/posts\/1950","targetHints":{"allow":["GET"]}}],"collection":[{"href":"https:\/\/www.chavinandez.com\/blog\/wp-json\/wp\/v2\/posts"}],"about":[{"href":"https:\/\/www.chavinandez.com\/blog\/wp-json\/wp\/v2\/types\/post"}],"author":[{"embeddable":true,"href":"https:\/\/www.chavinandez.com\/blog\/wp-json\/wp\/v2\/users\/1"}],"replies":[{"embeddable":true,"href":"https:\/\/www.chavinandez.com\/blog\/wp-json\/wp\/v2\/comments?post=1950"}],"version-history":[{"count":1,"href":"https:\/\/www.chavinandez.com\/blog\/wp-json\/wp\/v2\/posts\/1950\/revisions"}],"predecessor-version":[{"id":1954,"href":"https:\/\/www.chavinandez.com\/blog\/wp-json\/wp\/v2\/posts\/1950\/revisions\/1954"}],"wp:attachment":[{"href":"https:\/\/www.chavinandez.com\/blog\/wp-json\/wp\/v2\/media?parent=1950"}],"wp:term":[{"taxonomy":"category","embeddable":true,"href":"https:\/\/www.chavinandez.com\/blog\/wp-json\/wp\/v2\/categories?post=1950"},{"taxonomy":"post_tag","embeddable":true,"href":"https:\/\/www.chavinandez.com\/blog\/wp-json\/wp\/v2\/tags?post=1950"}],"curies":[{"name":"wp","href":"https:\/\/api.w.org\/{rel}","templated":true}]}}