{"id":1916,"date":"2009-08-15T00:14:08","date_gmt":"2009-08-14T22:14:08","guid":{"rendered":"http:\/\/www.chavinandez.com\/blog\/?p=1916"},"modified":"2009-08-17T13:06:13","modified_gmt":"2009-08-17T11:06:13","slug":"pirineo-vivo-visita-el-valle-de-tena","status":"publish","type":"post","link":"https:\/\/www.chavinandez.com\/blog\/pirineo-vivo-visita-el-valle-de-tena\/","title":{"rendered":"Pirineo Vivo visita el Valle de Tena"},"content":{"rendered":"<p><a href=\"https:\/\/www.chavinandez.com\/blog\/wp-content\/uploads\/2009\/08\/_csc0326.jpg\"><img loading=\"lazy\" decoding=\"async\" class=\"alignnone size-full wp-image-1917\" title=\"_csc0326\" src=\"https:\/\/www.chavinandez.com\/blog\/wp-content\/uploads\/2009\/08\/_csc0326.jpg\" alt=\"\" width=\"500\" height=\"331\" srcset=\"https:\/\/www.chavinandez.com\/blog\/wp-content\/uploads\/2009\/08\/_csc0326.jpg 600w, https:\/\/www.chavinandez.com\/blog\/wp-content\/uploads\/2009\/08\/_csc0326-200x132.jpg 200w, https:\/\/www.chavinandez.com\/blog\/wp-content\/uploads\/2009\/08\/_csc0326-452x300.jpg 452w\" sizes=\"auto, (max-width: 500px) 100vw, 500px\" \/><\/a><\/p>\n<p>A primeros de agosto, <strong>la exposici\u00f3n fotogr\u00e1fica, &#8220;Pirineo Vivo&#8221;<\/strong> ha pasado por <strong>Sall\u00e9nt de G\u00e1llego<\/strong>. En un ambiente veraniego y de fiestas por esta tierra tensina. Decenas de visitantes y curiosos han paseado los ojos por la muestra, en su primer parada por la monta\u00f1a. La impresi\u00f3n al parecer ha sido buena, algunos comentaban que a\u00f1oran otros tiempos al ver en retrato, tal estirpe de animales, verdes bosques o estropeadas pero tradicionales aldabas, cotidianas en su vida, pero ahora vistas desde otro prisma,  y con un mensaje, el valor de la identidad de un Pirineo Vivo, aunque viejo, bello, pero tambi\u00e9n olvidado.<\/p>\n<p><!--more--><\/p>\n<p>Desde hoy 14 de agosto ya se puede ver la muestra en su segunda visita por el Valle de Tena, y que estar\u00e1 hasta el 24 de agosto en el <strong>Centro Cultural La Fajuala<\/strong>, de Panticosa, abierto de 11 a 14 y de 17 a 21 horas.<\/p>\n<p>Durante varios d\u00edas entre montaje y preparativos, para inaugurar la exposici\u00f3n en Panticosa, tambi\u00e9n ha habido tiempo para visitar Yosa de Sobremonte, captar alguna de las luces en la tarde&#8230;y si&#8230;.beber de sus aguas&#8230;en la fuente de la era.<\/p>\n<p>Hasta que procese m\u00e1s, aqu\u00ed hay una muestra de la visita por el Valle de tena, Panticosa y Yosa de Sobremonte.<\/p>\n<p><a href=\"https:\/\/www.chavinandez.com\/blog\/wp-content\/uploads\/2009\/08\/_csc0320.jpg\"><img loading=\"lazy\" decoding=\"async\" class=\"alignnone size-thumbnail wp-image-1918\" title=\"_csc0320\" src=\"https:\/\/www.chavinandez.com\/blog\/wp-content\/uploads\/2009\/08\/_csc0320-200x132.jpg\" alt=\"\" width=\"200\" height=\"132\" \/><\/a> <a href=\"https:\/\/www.chavinandez.com\/blog\/wp-content\/uploads\/2009\/08\/_csc0323.jpg\"><img loading=\"lazy\" decoding=\"async\" class=\"alignnone size-thumbnail wp-image-1919\" title=\"_csc0323\" src=\"https:\/\/www.chavinandez.com\/blog\/wp-content\/uploads\/2009\/08\/_csc0323-200x132.jpg\" alt=\"\" width=\"200\" height=\"132\" \/><\/a> <a href=\"https:\/\/www.chavinandez.com\/blog\/wp-content\/uploads\/2009\/08\/_csc0329.jpg\"><img loading=\"lazy\" decoding=\"async\" class=\"alignnone size-thumbnail wp-image-1920\" title=\"_csc0329\" src=\"https:\/\/www.chavinandez.com\/blog\/wp-content\/uploads\/2009\/08\/_csc0329-200x132.jpg\" alt=\"\" width=\"200\" height=\"132\" srcset=\"https:\/\/www.chavinandez.com\/blog\/wp-content\/uploads\/2009\/08\/_csc0329-200x132.jpg 200w, https:\/\/www.chavinandez.com\/blog\/wp-content\/uploads\/2009\/08\/_csc0329-452x300.jpg 452w, https:\/\/www.chavinandez.com\/blog\/wp-content\/uploads\/2009\/08\/_csc0329.jpg 600w\" sizes=\"auto, (max-width: 200px) 100vw, 200px\" \/> <\/a><a href=\"https:\/\/www.chavinandez.com\/blog\/wp-content\/uploads\/2009\/08\/_csc0324.jpg\"><img loading=\"lazy\" decoding=\"async\" class=\"alignnone size-thumbnail wp-image-1924\" title=\"_csc0324\" src=\"https:\/\/www.chavinandez.com\/blog\/wp-content\/uploads\/2009\/08\/_csc0324-200x132.jpg\" alt=\"\" width=\"200\" height=\"132\" srcset=\"https:\/\/www.chavinandez.com\/blog\/wp-content\/uploads\/2009\/08\/_csc0324-200x132.jpg 200w, https:\/\/www.chavinandez.com\/blog\/wp-content\/uploads\/2009\/08\/_csc0324-452x300.jpg 452w, https:\/\/www.chavinandez.com\/blog\/wp-content\/uploads\/2009\/08\/_csc0324.jpg 600w\" sizes=\"auto, (max-width: 200px) 100vw, 200px\" \/><\/a><br \/>\n[ad#468]<\/p>\n","protected":false},"excerpt":{"rendered":"<p>A primeros de agosto, la exposici\u00f3n fotogr\u00e1fica, &#8220;Pirineo Vivo&#8221; ha pasado por Sall\u00e9nt de G\u00e1llego. En un ambiente veraniego y de fiestas por esta tierra tensina. Decenas de visitantes y curiosos han paseado los ojos por la muestra, en su primer parada por la monta\u00f1a. La impresi\u00f3n al parecer ha &#8230;<\/p>\n","protected":false},"author":1,"featured_media":0,"comment_status":"open","ping_status":"open","sticky":false,"template":"","format":"standard","meta":{"footnotes":""},"categories":[305],"tags":[409,366,375,424,307,423],"class_list":["post-1916","post","type-post","status-publish","format-standard","hentry","category-exposiciones","tag-actividades-de-fotografia","tag-fotolocus","tag-muestra-itinerante-pirineo-vivo","tag-panticosa","tag-pirineo-vivo","tag-sallent-de-gallego","column","threecol"],"_links":{"self":[{"href":"https:\/\/www.chavinandez.com\/blog\/wp-json\/wp\/v2\/posts\/1916","targetHints":{"allow":["GET"]}}],"collection":[{"href":"https:\/\/www.chavinandez.com\/blog\/wp-json\/wp\/v2\/posts"}],"about":[{"href":"https:\/\/www.chavinandez.com\/blog\/wp-json\/wp\/v2\/types\/post"}],"author":[{"embeddable":true,"href":"https:\/\/www.chavinandez.com\/blog\/wp-json\/wp\/v2\/users\/1"}],"replies":[{"embeddable":true,"href":"https:\/\/www.chavinandez.com\/blog\/wp-json\/wp\/v2\/comments?post=1916"}],"version-history":[{"count":6,"href":"https:\/\/www.chavinandez.com\/blog\/wp-json\/wp\/v2\/posts\/1916\/revisions"}],"predecessor-version":[{"id":1923,"href":"https:\/\/www.chavinandez.com\/blog\/wp-json\/wp\/v2\/posts\/1916\/revisions\/1923"}],"wp:attachment":[{"href":"https:\/\/www.chavinandez.com\/blog\/wp-json\/wp\/v2\/media?parent=1916"}],"wp:term":[{"taxonomy":"category","embeddable":true,"href":"https:\/\/www.chavinandez.com\/blog\/wp-json\/wp\/v2\/categories?post=1916"},{"taxonomy":"post_tag","embeddable":true,"href":"https:\/\/www.chavinandez.com\/blog\/wp-json\/wp\/v2\/tags?post=1916"}],"curies":[{"name":"wp","href":"https:\/\/api.w.org\/{rel}","templated":true}]}}