{"id":1774,"date":"2009-07-02T12:30:43","date_gmt":"2009-07-02T10:30:43","guid":{"rendered":"http:\/\/www.chavinandez.com\/blog\/?p=1774"},"modified":"2009-07-02T12:30:43","modified_gmt":"2009-07-02T10:30:43","slug":"arranca-pirineo-vivo","status":"publish","type":"post","link":"https:\/\/www.chavinandez.com\/blog\/arranca-pirineo-vivo\/","title":{"rendered":"Arranca Pirineo Vivo"},"content":{"rendered":"<p><a href=\"https:\/\/www.chavinandez.com\/blog\/wp-content\/uploads\/2009\/07\/inauguracion_pirineo_vivo-20-3.jpg\"><img loading=\"lazy\" decoding=\"async\" class=\"alignnone size-full wp-image-1775\" title=\"inauguracion_pirineo_vivo-20-3\" src=\"https:\/\/www.chavinandez.com\/blog\/wp-content\/uploads\/2009\/07\/inauguracion_pirineo_vivo-20-3.jpg\" alt=\"\" width=\"500\" height=\"254\" \/><\/a><\/p>\n<p>La primera muestra de la exposici\u00f3n Pirineo Vivo arranc\u00f3 con calor en el ambiente y tambi\u00e9n de muchos amigos y familiares que asistieron a la inauguraci\u00f3n en el Sal\u00f3n de Exposiciones del Ayuntamiento de San Mateo de G\u00e1llego.<\/p>\n<p><a href=\"https:\/\/www.chavinandez.com\/blog\/wp-content\/uploads\/2009\/07\/inauguracion_pirineo_vivo-20-2.jpg\"><img loading=\"lazy\" decoding=\"async\" class=\"alignnone size-full wp-image-1776\" title=\"inauguracion_pirineo_vivo-20-2\" src=\"https:\/\/www.chavinandez.com\/blog\/wp-content\/uploads\/2009\/07\/inauguracion_pirineo_vivo-20-2.jpg\" alt=\"\" width=\"500\" height=\"331\" \/><\/a><\/p>\n<p>Fernando Hern\u00e1ndez, director de Photolocus y coordinador de la muestra itinerante que recorrer\u00e1 durante 2009 y 2010 diferentes comunidades aut\u00f3nomas, present\u00f3 los objetivos de la exposici\u00f3n y recalc\u00f3 la importancia de la fotograf\u00eda como instrumento para la dinamizaci\u00f3n de n\u00facleos rurales dentro de las actividades que tiene programadas para esta temporada.<\/p>\n<p><a href=\"https:\/\/www.chavinandez.com\/blog\/wp-content\/uploads\/2009\/07\/inauguracion_pirineo_vivo-20.jpg\"><img loading=\"lazy\" decoding=\"async\" class=\"alignnone size-full wp-image-1777\" title=\"inauguracion_pirineo_vivo-20\" src=\"https:\/\/www.chavinandez.com\/blog\/wp-content\/uploads\/2009\/07\/inauguracion_pirineo_vivo-20.jpg\" alt=\"\" width=\"500\" height=\"331\" srcset=\"https:\/\/www.chavinandez.com\/blog\/wp-content\/uploads\/2009\/07\/inauguracion_pirineo_vivo-20.jpg 800w, https:\/\/www.chavinandez.com\/blog\/wp-content\/uploads\/2009\/07\/inauguracion_pirineo_vivo-20-200x132.jpg 200w, https:\/\/www.chavinandez.com\/blog\/wp-content\/uploads\/2009\/07\/inauguracion_pirineo_vivo-20-451x300.jpg 451w\" sizes=\"auto, (max-width: 500px) 100vw, 500px\" \/><\/a><\/p>\n<p>Por otro lado Yolanda Lacambra, en representaci\u00f3n del Ayuntamiento de San Mateo de G\u00e1llego introdujo las actividades que han sido programadas junto la exposici\u00f3n Pirineo Vivo, para ofrecer a los habitantes de la localidad una amplia y distendida programaci\u00f3n fotogr\u00e1fica con ciclos de charlas, talleres de fotograf\u00eda y actividades que acercar\u00e1n sin duda a los Sanmateanos al mundo de la fotograf\u00eda.<\/p>\n<p><a href=\"https:\/\/www.chavinandez.com\/blog\/wp-content\/uploads\/2009\/07\/inauguracion_pirineo_vivo-20-4.jpg\"><img loading=\"lazy\" decoding=\"async\" class=\"alignnone size-full wp-image-1778\" title=\"inauguracion_pirineo_vivo-20-4\" src=\"https:\/\/www.chavinandez.com\/blog\/wp-content\/uploads\/2009\/07\/inauguracion_pirineo_vivo-20-4.jpg\" alt=\"\" width=\"500\" height=\"275\" srcset=\"https:\/\/www.chavinandez.com\/blog\/wp-content\/uploads\/2009\/07\/inauguracion_pirineo_vivo-20-4.jpg 800w, https:\/\/www.chavinandez.com\/blog\/wp-content\/uploads\/2009\/07\/inauguracion_pirineo_vivo-20-4-200x110.jpg 200w, https:\/\/www.chavinandez.com\/blog\/wp-content\/uploads\/2009\/07\/inauguracion_pirineo_vivo-20-4-480x264.jpg 480w\" sizes=\"auto, (max-width: 500px) 100vw, 500px\" \/><\/a><\/p>\n<p>Un grupo de Socios y amigos de <a href=\"http:\/\/www.asafona.org\">ASAFONA<\/a> ( Asociaci\u00f3n Aragonesa de Fot\u00f3grafos de Naturaleza ) tambi\u00e9n quiso acompa\u00f1ar y arropar el evento brindando por la gira que empieza en Arag\u00f3n y representa parte de nuestra identidad, aldabas, paisajes, ganado y otras escenas que permitir\u00e1n mostrar y difundir los valores de ese Pirineo Vivo all\u00e1 por donde pase.<\/p>\n","protected":false},"excerpt":{"rendered":"<p>La primera muestra de la exposici\u00f3n Pirineo Vivo arranc\u00f3 con calor en el ambiente y tambi\u00e9n de muchos amigos y familiares que asistieron a la inauguraci\u00f3n en el Sal\u00f3n de Exposiciones del Ayuntamiento de San Mateo de G\u00e1llego. Fernando Hern\u00e1ndez, director de Photolocus y coordinador de la muestra itinerante que &#8230;<\/p>\n","protected":false},"author":1,"featured_media":0,"comment_status":"open","ping_status":"open","sticky":false,"template":"","format":"standard","meta":{"footnotes":""},"categories":[7,305,36,9,356,223],"tags":[62,304,368,376,375,307,306],"class_list":["post-1774","post","type-post","status-publish","format-standard","hentry","category-experiencias","category-exposiciones","category-fotografia","category-imagenes","category-novedades","category-reportajes","tag-chavinandez","tag-exposicion-de-fotografia","tag-exposicion-itinerante","tag-francisco-javier-fernandez-bordonada","tag-muestra-itinerante-pirineo-vivo","tag-pirineo-vivo","tag-san-mateo-de-gallego","column","threecol"],"_links":{"self":[{"href":"https:\/\/www.chavinandez.com\/blog\/wp-json\/wp\/v2\/posts\/1774","targetHints":{"allow":["GET"]}}],"collection":[{"href":"https:\/\/www.chavinandez.com\/blog\/wp-json\/wp\/v2\/posts"}],"about":[{"href":"https:\/\/www.chavinandez.com\/blog\/wp-json\/wp\/v2\/types\/post"}],"author":[{"embeddable":true,"href":"https:\/\/www.chavinandez.com\/blog\/wp-json\/wp\/v2\/users\/1"}],"replies":[{"embeddable":true,"href":"https:\/\/www.chavinandez.com\/blog\/wp-json\/wp\/v2\/comments?post=1774"}],"version-history":[{"count":1,"href":"https:\/\/www.chavinandez.com\/blog\/wp-json\/wp\/v2\/posts\/1774\/revisions"}],"predecessor-version":[{"id":1779,"href":"https:\/\/www.chavinandez.com\/blog\/wp-json\/wp\/v2\/posts\/1774\/revisions\/1779"}],"wp:attachment":[{"href":"https:\/\/www.chavinandez.com\/blog\/wp-json\/wp\/v2\/media?parent=1774"}],"wp:term":[{"taxonomy":"category","embeddable":true,"href":"https:\/\/www.chavinandez.com\/blog\/wp-json\/wp\/v2\/categories?post=1774"},{"taxonomy":"post_tag","embeddable":true,"href":"https:\/\/www.chavinandez.com\/blog\/wp-json\/wp\/v2\/tags?post=1774"}],"curies":[{"name":"wp","href":"https:\/\/api.w.org\/{rel}","templated":true}]}}