{"id":1617,"date":"2009-05-25T10:40:41","date_gmt":"2009-05-25T08:40:41","guid":{"rendered":"http:\/\/www.chavinandez.com\/blog\/?p=1617"},"modified":"2009-08-14T22:59:44","modified_gmt":"2009-08-14T20:59:44","slug":"exposicion-fotografica-pirineo-vivo","status":"publish","type":"post","link":"https:\/\/www.chavinandez.com\/blog\/exposicion-fotografica-pirineo-vivo\/","title":{"rendered":"Exposici\u00f3n Fotogr\u00e1fica Pirineo Vivo"},"content":{"rendered":"<p>El pr\u00f3ximo <strong>1 de Julio y hasta el 11 de Julio<\/strong> tendr\u00e1 lugar en el sal\u00f3n de exposiciones del <strong>Ayuntamiento de San Mateo de G\u00e1llego<\/strong> la primera muestra de la exposici\u00f3n fotogr\u00e1fica itinerante; &#8220;<strong>Pirineo Vivo<\/strong>&#8220;, que recorrer\u00e1 durante 2009 y 2010, diferentes salas y galer\u00edas para mostrar una colecci\u00f3n de fotograf\u00edas impresas en lienzos de medio formato (70x50cm) con la visi\u00f3n y mirada puesta  en el Pirineo Occidental.<\/p>\n<p><!--more--><\/p>\n<p><a href=\"https:\/\/www.chavinandez.com\/blog\/wp-content\/uploads\/2009\/05\/cartel_expo.jpg\"><img loading=\"lazy\" decoding=\"async\" class=\"alignleft size-full wp-image-1620\" style=\"margin: 15px;\" title=\"cartel_expo\" src=\"https:\/\/www.chavinandez.com\/blog\/wp-content\/uploads\/2009\/05\/cartel_expo.jpg\" alt=\"\" width=\"270\" height=\"382\" srcset=\"https:\/\/www.chavinandez.com\/blog\/wp-content\/uploads\/2009\/05\/cartel_expo.jpg 1024w, https:\/\/www.chavinandez.com\/blog\/wp-content\/uploads\/2009\/05\/cartel_expo-106x150.jpg 106w, https:\/\/www.chavinandez.com\/blog\/wp-content\/uploads\/2009\/05\/cartel_expo-212x300.jpg 212w\" sizes=\"auto, (max-width: 270px) 100vw, 270px\" \/><\/a><strong>Pirineo Vivo<\/strong>, es un viaje a trav\u00e9s de 64 fotograf\u00edas por la etnograf\u00eda, naturaleza, vida animal y salvaje de una parte del Pirineo de Arag\u00f3n y Navarra. Una muestra documental de costumbres, tradici\u00f3n, pero acompa\u00f1ada de conceptos que la\u00a0 naturaleza vierte al visitante.\u00a0 Concienciar de su importancia y preservaci\u00f3n.<\/p>\n<p>La muestra contar\u00e1 adem\u00e1s con <strong><a href=\"http:\/\/fotolocus.wordpress.com\/actividades\/exposicion-pirineo-vivo\/\">material audiovisual<\/a><\/strong> y una\u00a0 pieza m\u00fasical,\u00a0 compuesta por <strong>Samuel Baselga<\/strong> y <strong>Natanael Garc\u00eda<\/strong> de la productora <a href=\"mailto:info@studioq.es\">Studio Q<\/a>, y acompa\u00f1ar\u00e1 la itinerante en su recorrido por diferentes comunidades aut\u00f3nomas.<\/p>\n<p>Durante la muestra, ser\u00e1n varios lugares en los se podr\u00e1n adquirir obras y ejemplares <strong>de libros publicados de fotograf\u00eda de autor. <\/strong>Quien lo desee podr\u00e1 navegar por m\u00e1s de 3.000 fotograf\u00edas* para uso personal (cuadros, decoraci\u00f3n, murales) a  precios muy interesantes y por la causa del proyecto. (*Excepto aquellas representadas ya por Agencias)<\/p>\n<p>La inauguraci\u00f3n ser\u00e1 el <strong>mi\u00e9rcoles 1 de Julio a las 19,30 horas<\/strong>, momento en que se acompa\u00f1ar\u00e1 de fondo con un breve documental sobre las zonas fotografiadas y varios audiovisuales con los que se abrir\u00e1 oficialmente la muestra y que acompa\u00f1ar\u00e1n hasta la clausura de \u00e9sta primera exposici\u00f3n de Julio, que abre el tour con parte de la identidad aragonesa y navarra que se estima vean varios cientos de personas en un itinerario diverso. <strong><a href=\"http:\/\/fotolocus.wordpress.com\/actividades\/exposicion-pirineo-vivo\/\">Ver Calendario <\/a><\/strong><\/p>\n<p><a href=\"https:\/\/www.chavinandez.com\/blog\/wp-content\/uploads\/2009\/05\/gf2-texturas.jpg\"><img loading=\"lazy\" decoding=\"async\" class=\"size-full wp-image-1622 alignleft\" style=\"margin: 15px;\" title=\"gf2-texturas\" src=\"https:\/\/www.chavinandez.com\/blog\/wp-content\/uploads\/2009\/05\/gf2-texturas.jpg\" alt=\"\" width=\"300\" height=\"300\" srcset=\"https:\/\/www.chavinandez.com\/blog\/wp-content\/uploads\/2009\/05\/gf2-texturas.jpg 600w, https:\/\/www.chavinandez.com\/blog\/wp-content\/uploads\/2009\/05\/gf2-texturas-150x150.jpg 150w, https:\/\/www.chavinandez.com\/blog\/wp-content\/uploads\/2009\/05\/gf2-texturas-300x300.jpg 300w\" sizes=\"auto, (max-width: 300px) 100vw, 300px\" \/><\/a><\/p>\n<p><strong>Lugar: <\/strong><br \/>\nSal\u00f3n de exposiciones del <a href=\"http:\/\/www.google.es\/maps\/ms?ie=UTF8&amp;hl=es&amp;msa=0&amp;ll=41.832247,-0.769815&amp;spn=0.003397,0.005815&amp;z=17&amp;msid=108283338706023974079.00046ab9a6dde104268b5\">Ayuntamiento de San Mateo de G\u00e1llego<\/a>. Zaragoza<br \/>\n<strong><br \/>\nFecha-Horario:<br \/>\n<\/strong>1 al 11 de Julio<br \/>\nLunes a Viernes : 10h a 14h y 17,30h a 20h<br \/>\nS\u00e1bados y Domingo: 11h a 14h y de 17,30h-20h<\/p>\n<p><strong>Calendario de la muestra itinerante 2009-2010:<\/strong><br \/>\n<strong><a href=\"http:\/\/fotolocus.wordpress.com\/actividades\/exposicion-pirineo-vivo\/\">Ver Calendario<br \/>\n<\/a><\/strong><\/p>\n<p><strong>M\u00e1s Informaci\u00f3n sobre la muestra:<br \/>\n<a href=\"http:\/\/www.photolocus.net\">www.photolocus.net<\/a><br \/>\n<a href=\"http:\/\/fotolocus.wordpress.com\/actividades\/exposicion-pirineo-vivo\/\"><\/a><\/strong><\/p>\n<p><a href=\"https:\/\/www.chavinandez.com\/blog\/wp-content\/uploads\/2009\/05\/pirineovivo.3gp\"><br \/>\n<\/a><\/p>\n","protected":false},"excerpt":{"rendered":"<p>El pr\u00f3ximo 1 de Julio y hasta el 11 de Julio tendr\u00e1 lugar en el sal\u00f3n de exposiciones del Ayuntamiento de San Mateo de G\u00e1llego la primera muestra de la exposici\u00f3n fotogr\u00e1fica itinerante; &#8220;Pirineo Vivo&#8220;, que recorrer\u00e1 durante 2009 y 2010, diferentes salas y galer\u00edas para mostrar una colecci\u00f3n de &#8230;<\/p>\n","protected":false},"author":1,"featured_media":0,"comment_status":"open","ping_status":"open","sticky":false,"template":"","format":"standard","meta":{"footnotes":""},"categories":[36],"tags":[304,308,2118,309,307,310,306],"class_list":["post-1617","post","type-post","status-publish","format-standard","hentry","category-fotografia","tag-exposicion-de-fotografia","tag-exposicion-pirineos","tag-exposiciones","tag-fotografia-pirineos","tag-pirineo-vivo","tag-pirineo-y-navarra","tag-san-mateo-de-gallego","column","threecol"],"_links":{"self":[{"href":"https:\/\/www.chavinandez.com\/blog\/wp-json\/wp\/v2\/posts\/1617","targetHints":{"allow":["GET"]}}],"collection":[{"href":"https:\/\/www.chavinandez.com\/blog\/wp-json\/wp\/v2\/posts"}],"about":[{"href":"https:\/\/www.chavinandez.com\/blog\/wp-json\/wp\/v2\/types\/post"}],"author":[{"embeddable":true,"href":"https:\/\/www.chavinandez.com\/blog\/wp-json\/wp\/v2\/users\/1"}],"replies":[{"embeddable":true,"href":"https:\/\/www.chavinandez.com\/blog\/wp-json\/wp\/v2\/comments?post=1617"}],"version-history":[{"count":34,"href":"https:\/\/www.chavinandez.com\/blog\/wp-json\/wp\/v2\/posts\/1617\/revisions"}],"predecessor-version":[{"id":1641,"href":"https:\/\/www.chavinandez.com\/blog\/wp-json\/wp\/v2\/posts\/1617\/revisions\/1641"}],"wp:attachment":[{"href":"https:\/\/www.chavinandez.com\/blog\/wp-json\/wp\/v2\/media?parent=1617"}],"wp:term":[{"taxonomy":"category","embeddable":true,"href":"https:\/\/www.chavinandez.com\/blog\/wp-json\/wp\/v2\/categories?post=1617"},{"taxonomy":"post_tag","embeddable":true,"href":"https:\/\/www.chavinandez.com\/blog\/wp-json\/wp\/v2\/tags?post=1617"}],"curies":[{"name":"wp","href":"https:\/\/api.w.org\/{rel}","templated":true}]}}