{"id":1454,"date":"2009-04-17T11:45:52","date_gmt":"2009-04-17T09:45:52","guid":{"rendered":"http:\/\/www.chavinandez.com\/blog\/?p=1454"},"modified":"2009-04-17T18:32:59","modified_gmt":"2009-04-17T16:32:59","slug":"reflejos","status":"publish","type":"post","link":"https:\/\/www.chavinandez.com\/blog\/reflejos\/","title":{"rendered":"Marea"},"content":{"rendered":"<p><a href=\"https:\/\/www.chavinandez.com\/blog\/wp-content\/uploads\/2009\/04\/spain_seaside-2173.jpg\"><img loading=\"lazy\" decoding=\"async\" class=\"alignnone size-full wp-image-1453\" title=\"spain_seaside-2173\" src=\"https:\/\/www.chavinandez.com\/blog\/wp-content\/uploads\/2009\/04\/spain_seaside-2173.jpg\" alt=\"\" width=\"480\" height=\"319\" \/><\/a><\/p>\n<p>Para la fotograf\u00eda de paisajes el uso de filtros Degradado Gris como en este caso junto con otros como el de densidad neutra (ND4), nos ofrecen im\u00e1genes melanc\u00f3licas y con un tono especial para estas rocas con agua de la marea de nuestro mar mediterr\u00e1neo.<\/p>\n<p><strong>Nikon D90. f\/11 vel 1\/125 dist.focal 22mm Obj. Nikkor 18-200mm Vr 3.5-5.6 + Filtro degradado gris + Filtro Densidad Neutra<\/strong><\/p>\n","protected":false},"excerpt":{"rendered":"<p>Para la fotograf\u00eda de paisajes el uso de filtros Degradado Gris como en este caso junto con otros como el de densidad neutra (ND4), nos ofrecen im\u00e1genes melanc\u00f3licas y con un tono especial para estas rocas con agua de la marea de nuestro mar mediterr\u00e1neo. Nikon D90. f\/11 vel 1\/125 &#8230;<\/p>\n","protected":false},"author":1,"featured_media":0,"comment_status":"open","ping_status":"open","sticky":false,"template":"","format":"standard","meta":{"footnotes":""},"categories":[36,9,178],"tags":[192,72,112,254,195,253,208],"class_list":["post-1454","post","type-post","status-publish","format-standard","hentry","category-fotografia","category-imagenes","category-trucos","tag-aprender-fotografia","tag-fotografia-de-naturaleza","tag-fotografia-de-paisajes","tag-mediterranean","tag-nikon-d90","tag-seaside","tag-spain-photography","column","threecol"],"_links":{"self":[{"href":"https:\/\/www.chavinandez.com\/blog\/wp-json\/wp\/v2\/posts\/1454","targetHints":{"allow":["GET"]}}],"collection":[{"href":"https:\/\/www.chavinandez.com\/blog\/wp-json\/wp\/v2\/posts"}],"about":[{"href":"https:\/\/www.chavinandez.com\/blog\/wp-json\/wp\/v2\/types\/post"}],"author":[{"embeddable":true,"href":"https:\/\/www.chavinandez.com\/blog\/wp-json\/wp\/v2\/users\/1"}],"replies":[{"embeddable":true,"href":"https:\/\/www.chavinandez.com\/blog\/wp-json\/wp\/v2\/comments?post=1454"}],"version-history":[{"count":4,"href":"https:\/\/www.chavinandez.com\/blog\/wp-json\/wp\/v2\/posts\/1454\/revisions"}],"predecessor-version":[{"id":1457,"href":"https:\/\/www.chavinandez.com\/blog\/wp-json\/wp\/v2\/posts\/1454\/revisions\/1457"}],"wp:attachment":[{"href":"https:\/\/www.chavinandez.com\/blog\/wp-json\/wp\/v2\/media?parent=1454"}],"wp:term":[{"taxonomy":"category","embeddable":true,"href":"https:\/\/www.chavinandez.com\/blog\/wp-json\/wp\/v2\/categories?post=1454"},{"taxonomy":"post_tag","embeddable":true,"href":"https:\/\/www.chavinandez.com\/blog\/wp-json\/wp\/v2\/tags?post=1454"}],"curies":[{"name":"wp","href":"https:\/\/api.w.org\/{rel}","templated":true}]}}