{"id":1368,"date":"2009-03-31T10:08:58","date_gmt":"2009-03-31T08:08:58","guid":{"rendered":"http:\/\/www.chavinandez.com\/blog\/?p=1368"},"modified":"2009-03-31T10:13:06","modified_gmt":"2009-03-31T08:13:06","slug":"primavera-nos-vamos-a-monegros","status":"publish","type":"post","link":"https:\/\/www.chavinandez.com\/blog\/primavera-nos-vamos-a-monegros\/","title":{"rendered":"\u00bfPrimavera&#8230;? Nos vamos a Monegros&#8230;!"},"content":{"rendered":"<p><a href=\"http:\/\/pa.photoshelter.com\/c\/chavinandez\/search\/search?I_USER_ID=U00002CAw012m6KI&amp;I_DSC=monegros&amp;I_DSC_AND=t&amp;I_CITY=&amp;I_STATE=&amp;I_COUNTRY_ISO=&amp;I_IS_RELEASED=&amp;I_IS_PRELEASED=&amp;I_ORIENTATION=&amp;_CB_I_PR=t&amp;_CB_I_PU=t&amp;_CB_I_RF=t&amp;_CB_I_RM=t&amp;I_SORT=RANK&amp;_ACT=search&amp;F_REFINE=t\"><img loading=\"lazy\" decoding=\"async\" class=\"alignnone size-full wp-image-1367\" title=\"monegros-1\" src=\"https:\/\/www.chavinandez.com\/blog\/wp-content\/uploads\/2009\/03\/monegros-1.jpg\" alt=\"\" width=\"500\" height=\"201\" srcset=\"https:\/\/www.chavinandez.com\/blog\/wp-content\/uploads\/2009\/03\/monegros-1.jpg 600w, https:\/\/www.chavinandez.com\/blog\/wp-content\/uploads\/2009\/03\/monegros-1-200x80.jpg 200w, https:\/\/www.chavinandez.com\/blog\/wp-content\/uploads\/2009\/03\/monegros-1-480x193.jpg 480w\" sizes=\"auto, (max-width: 500px) 100vw, 500px\" \/><\/a><\/p>\n<p>A tan s\u00f3lo tres d\u00edas de nuestra pr\u00f3xima <a href=\"http:\/\/www.evadium.com\/contents\/escapadas?code=foto-monegros&amp;affiliate_code=CHND\">escapada a Monegros<\/a>, el tiempo no pod\u00eda ser mejor, para este nuevo intensivo de fotograf\u00eda de 48 horas. Las lluvias de estos d\u00eda convierten el paisaje monegrino en un id\u00edlico destino para capturar matices, colores y formas en una de la \u00e1reas semi des\u00e9rticas m\u00e1s importantes del sur de Europa. Lo mejor de todo es que para el s\u00e1bado tenemos viento 0, mejor no pod\u00eda ser. A\u00fan queda alguna plaza, <strong><a href=\"http:\/\/www.evadium.com\/contents\/escapadas?code=foto-monegros&amp;affiliate_code=CHND\">an\u00edmate<\/a><\/strong><\/p>\n","protected":false},"excerpt":{"rendered":"<p>A tan s\u00f3lo tres d\u00edas de nuestra pr\u00f3xima escapada a Monegros, el tiempo no pod\u00eda ser mejor, para este nuevo intensivo de fotograf\u00eda de 48 horas. Las lluvias de estos d\u00eda convierten el paisaje monegrino en un id\u00edlico destino para capturar matices, colores y formas en una de la \u00e1reas &#8230;<\/p>\n","protected":false},"author":1,"featured_media":0,"comment_status":"open","ping_status":"open","sticky":false,"template":"","format":"standard","meta":{"footnotes":""},"categories":[159,7,36,37],"tags":[184,38,191,112,224,100,208,179],"class_list":["post-1368","post","type-post","status-publish","format-standard","hentry","category-destinos","category-experiencias","category-fotografia","category-talleres","tag-cursos-de-fotografia","tag-escapadas","tag-escapadas-de-fotografia","tag-fotografia-de-paisajes","tag-intensivo-de-fotografia","tag-monegros","tag-spain-photography","tag-weekend-monegros","column","threecol"],"_links":{"self":[{"href":"https:\/\/www.chavinandez.com\/blog\/wp-json\/wp\/v2\/posts\/1368","targetHints":{"allow":["GET"]}}],"collection":[{"href":"https:\/\/www.chavinandez.com\/blog\/wp-json\/wp\/v2\/posts"}],"about":[{"href":"https:\/\/www.chavinandez.com\/blog\/wp-json\/wp\/v2\/types\/post"}],"author":[{"embeddable":true,"href":"https:\/\/www.chavinandez.com\/blog\/wp-json\/wp\/v2\/users\/1"}],"replies":[{"embeddable":true,"href":"https:\/\/www.chavinandez.com\/blog\/wp-json\/wp\/v2\/comments?post=1368"}],"version-history":[{"count":3,"href":"https:\/\/www.chavinandez.com\/blog\/wp-json\/wp\/v2\/posts\/1368\/revisions"}],"predecessor-version":[{"id":1371,"href":"https:\/\/www.chavinandez.com\/blog\/wp-json\/wp\/v2\/posts\/1368\/revisions\/1371"}],"wp:attachment":[{"href":"https:\/\/www.chavinandez.com\/blog\/wp-json\/wp\/v2\/media?parent=1368"}],"wp:term":[{"taxonomy":"category","embeddable":true,"href":"https:\/\/www.chavinandez.com\/blog\/wp-json\/wp\/v2\/categories?post=1368"},{"taxonomy":"post_tag","embeddable":true,"href":"https:\/\/www.chavinandez.com\/blog\/wp-json\/wp\/v2\/tags?post=1368"}],"curies":[{"name":"wp","href":"https:\/\/api.w.org\/{rel}","templated":true}]}}