{"id":12590,"date":"2026-04-29T11:23:32","date_gmt":"2026-04-29T10:23:32","guid":{"rendered":"https:\/\/www.chavinandez.com\/blog\/?p=12590"},"modified":"2026-04-29T11:24:57","modified_gmt":"2026-04-29T10:24:57","slug":"el-documental-el-paisaje-del-olivar-se-proyectara-en-el-teatro-montemar-de-baeza-dentro-de-la-programacion-de-futuroliva-2026","status":"publish","type":"post","link":"https:\/\/www.chavinandez.com\/blog\/el-documental-el-paisaje-del-olivar-se-proyectara-en-el-teatro-montemar-de-baeza-dentro-de-la-programacion-de-futuroliva-2026\/","title":{"rendered":"El documental &#8220;El Paisaje del Olivar&#8221; se proyectar\u00e1 en el Teatro Montemar de Baeza dentro de la programaci\u00f3n de Futuroliva 2026"},"content":{"rendered":"\n<p><strong>La cinta, que aborda los retos del medio rural y la cultura del aceite, llega a Ja\u00e9n tras su paso por m\u00e1s de 100 festivales internacionales.<\/strong><\/p>\n\n\n\n<p><strong>La exhibici\u00f3n, de entrada libre, tendr\u00e1 lugar el jueves 8 de mayo a las 20:30 horas como actividad paralela a la feria ole\u00edcola.<\/strong><\/p>\n\n\n\n<p><strong>BAEZA (Ja\u00e9n), 29 de abril de 2026. \u2013<\/strong> La ciudad de Baeza acoger\u00e1 la proyecci\u00f3n del documental &#8220;El Paisaje del Olivar&#8221; durante la celebraci\u00f3n de la XIV edici\u00f3n de la feria Futuroliva. La exhibici\u00f3n est\u00e1 programada para el pr\u00f3ximo jueves 8 de mayo a las 20:30 horas en el Teatro Montemar, enmarcada en las actividades culturales paralelas organizadas por P\u00f3pulo Servicios Tur\u00edsticos y el Ayuntamiento del municipio.<\/p>\n\n\n\n<p>Dirigida y producida por el cineasta Francisco Javier Fern\u00e1ndez Bordonada (Bordonada Films), la obra, de 76 minutos de duraci\u00f3n, llega a la provincia tras un recorrido de tres a\u00f1os en el circuito internacional. Desde su estreno, el documental ha formado parte de la selecci\u00f3n oficial de cert\u00e1menes cinematogr\u00e1ficos en los cinco continentes y ha sido incluido en diversos cat\u00e1logos de plataformas de <em>streaming<\/em>, as\u00ed como en la programaci\u00f3n a bordo de aerol\u00edneas como Iberia y Qatar Airways.<\/p>\n\n\n\n<p>Calificado por el ICAA (Ministerio de Cultura) como apto para todos los p\u00fablicos, &#8220;El Paisaje del Olivar&#8221; documenta la vida en los entornos agrarios de Andaluc\u00eda, Extremadura, Arag\u00f3n y Catalu\u00f1a. M\u00e1s all\u00e1 de retratar la producci\u00f3n del aceite de oliva, la obra plantea una mirada sobre el ecosistema agr\u00edcola y aborda los desaf\u00edos actuales del medio rural, tales como la despoblaci\u00f3n, el cambio clim\u00e1tico y la necesidad de conservar el patrimonio natural.<\/p>\n\n\n\n<p>Sobre la exhibici\u00f3n en Baeza, enmarcada en la actual gira nacional de la pel\u00edcula, el director Francisco Javier Fern\u00e1ndez Bordonada se\u00f1ala: <em>&#8220;Que el documental haya recorrido distintos pa\u00edses es positivo, pero el objetivo principal de esta Gira 2026 es acercarlo al entorno que lo inspir\u00f3. Buscamos que la proyecci\u00f3n en el Teatro Montemar sirva para poner en valor nuestro territorio y reflexionar sobre el paisaje agr\u00edcola que nos vertebra socialmente&#8221;<\/em>.<\/p>\n\n\n\n<p>La sesi\u00f3n est\u00e1 dirigida tanto a los profesionales del sector ole\u00edcola presentes en Futuroliva como a los vecinos y visitantes de Baeza y su comarca. Asimismo, la productora ha habilitado un seguimiento de la Gira 2026 a trav\u00e9s del canal de YouTube de Bordonada Films, donde se publicar\u00e1n cr\u00f3nicas y material audiovisual de las distintas proyecciones por la geograf\u00eda espa\u00f1ola.<\/p>\n\n\n\n<p>M\u00e1s datos:<\/p>\n\n\n\n<p>PRESENTACI\u00d3N DOCUMENTAL \u201cEL PAISAJE DEL OLIVAR\u201d <\/p>\n\n\n\n<p><strong>Lugar:<\/strong> TEATRO MONTEMAR 20.30 h.<br \/><strong>Presencia del director:<\/strong> Francisco Javier Fernandez Bordonada. <br \/><strong>Produce<\/strong>: Bordonada Films. <a href=\"https:\/\/www.bordonadafilms.com\/el-paisaje-del-olivar\">https:\/\/www.bordonadafilms.com\/el-paisaje-del-olivar<\/a> <br \/><strong>Organiza<\/strong>: Futuroliva 2026 <a href=\"https:\/\/futuroliva.com\/programacion-futuroliva-2026\/ \">https:\/\/futuroliva.com\/programacion-futuroliva-2026\/ <\/a><br \/><strong>Entrada libre<\/strong> hasta completar aforo.<\/p>\n\n\n\n<p>CANAL DE <strong>YOUTUBE<\/strong>: <a href=\"https:\/\/www.youtube.com\/@bordonadafilms\">@bordonadafilms<\/a><\/p>\n\n\n\n<figure class=\"wp-block-embed is-type-video is-provider-youtube wp-block-embed-youtube wp-embed-aspect-9-16 wp-has-aspect-ratio\"><div class=\"wp-block-embed__wrapper\">\n<iframe loading=\"lazy\" title=\"ESTRENO &quot;El Paisaje del Olivar&quot;  BAEZA 8 MAYO\" width=\"557\" height=\"990\" src=\"https:\/\/www.youtube.com\/embed\/AGeMus_TWJc?feature=oembed\" frameborder=\"0\" allow=\"accelerometer; autoplay; clipboard-write; encrypted-media; gyroscope; picture-in-picture; web-share\" referrerpolicy=\"strict-origin-when-cross-origin\" allowfullscreen><\/iframe>\n<\/div><\/figure>\n","protected":false},"excerpt":{"rendered":"<p>La cinta, que aborda los retos del medio rural y la cultura del aceite, llega a Ja\u00e9n tras su paso por m\u00e1s de 100 festivales internacionales. La exhibici\u00f3n, de entrada libre, tendr\u00e1 lugar el jueves 8 de mayo a las 20:30 horas como actividad paralela a la feria ole\u00edcola. BAEZA &#8230;<\/p>\n","protected":false},"author":1,"featured_media":12592,"comment_status":"closed","ping_status":"closed","sticky":false,"template":"","format":"standard","meta":{"footnotes":""},"categories":[2662,3078,53,3462,2484,1,356,23,223,11,2337,3],"tags":[3187,1350,3469,3466,3330,3115,3098,3467,3315,3034,3468],"class_list":["post-12590","post","type-post","status-publish","format-standard","has-post-thumbnail","hentry","category-agricultura","category-agroalimentacion","category-documental","category-estrenos","category-fotografia-aerea","category-general","category-novedades","category-promocion","category-reportajes","category-httpwwwlabatiruralcomwordpress","category-viajes","category-videos","tag-el-paisaje-del-olivar-2","tag-andalucia","tag-andalucia-olivares","tag-baeza","tag-cine-documental","tag-el-paisaje-de-los-olivares","tag-el-paisaje-del-olivar","tag-el-paisaje-del-olivar-baeza","tag-estrenos","tag-jaen","tag-ubeda-y-baeza","column","threecol","has-thumbnail"],"_links":{"self":[{"href":"https:\/\/www.chavinandez.com\/blog\/wp-json\/wp\/v2\/posts\/12590","targetHints":{"allow":["GET"]}}],"collection":[{"href":"https:\/\/www.chavinandez.com\/blog\/wp-json\/wp\/v2\/posts"}],"about":[{"href":"https:\/\/www.chavinandez.com\/blog\/wp-json\/wp\/v2\/types\/post"}],"author":[{"embeddable":true,"href":"https:\/\/www.chavinandez.com\/blog\/wp-json\/wp\/v2\/users\/1"}],"replies":[{"embeddable":true,"href":"https:\/\/www.chavinandez.com\/blog\/wp-json\/wp\/v2\/comments?post=12590"}],"version-history":[{"count":1,"href":"https:\/\/www.chavinandez.com\/blog\/wp-json\/wp\/v2\/posts\/12590\/revisions"}],"predecessor-version":[{"id":12591,"href":"https:\/\/www.chavinandez.com\/blog\/wp-json\/wp\/v2\/posts\/12590\/revisions\/12591"}],"wp:featuredmedia":[{"embeddable":true,"href":"https:\/\/www.chavinandez.com\/blog\/wp-json\/wp\/v2\/media\/12592"}],"wp:attachment":[{"href":"https:\/\/www.chavinandez.com\/blog\/wp-json\/wp\/v2\/media?parent=12590"}],"wp:term":[{"taxonomy":"category","embeddable":true,"href":"https:\/\/www.chavinandez.com\/blog\/wp-json\/wp\/v2\/categories?post=12590"},{"taxonomy":"post_tag","embeddable":true,"href":"https:\/\/www.chavinandez.com\/blog\/wp-json\/wp\/v2\/tags?post=12590"}],"curies":[{"name":"wp","href":"https:\/\/api.w.org\/{rel}","templated":true}]}}