{"id":12425,"date":"2025-08-31T19:51:48","date_gmt":"2025-08-31T18:51:48","guid":{"rendered":"https:\/\/www.chavinandez.com\/blog\/?p=12425"},"modified":"2025-08-31T19:51:48","modified_gmt":"2025-08-31T18:51:48","slug":"el-guadameci-protagonista-de-un-documental","status":"publish","type":"post","link":"https:\/\/www.chavinandez.com\/blog\/el-guadameci-protagonista-de-un-documental\/","title":{"rendered":"El guadamec\u00ed, protagonista de un documental"},"content":{"rendered":"\n<figure class=\"wp-block-embed is-type-video is-provider-vimeo wp-block-embed-vimeo wp-embed-aspect-16-9 wp-has-aspect-ratio\"><div class=\"wp-block-embed__wrapper\">\n<iframe loading=\"lazy\" title=\"EL VIAJE DE LOS CUEROS DORADOS - TEASER 2\" src=\"https:\/\/player.vimeo.com\/video\/1114691919?dnt=1&amp;app_id=122963\" width=\"660\" height=\"371\" frameborder=\"0\" allow=\"autoplay; fullscreen; picture-in-picture; clipboard-write; encrypted-media; web-share\" referrerpolicy=\"strict-origin-when-cross-origin\"><\/iframe>\n<\/div><\/figure>\n\n\n\n<p>Nota de prensa &#8211; M\u00e1laga 1 de septiembre 2025<\/p>\n\n\n\n<p><strong>Bordonada Films<\/strong> inicia una campa\u00f1a de crowdfunding para el documental &#8220;<strong>El Viaje de los Cueros Dorados<\/strong>&#8221; a trav\u00e9s de la plataforma <strong><a href=\"https:\/\/vkm.is\/cuerosdorados\">Verkami<\/a><\/strong>, con el objetivo de dar a conocer el trabajo de los \u00faltimos artesanos y la historia de una de las artesan\u00edas m\u00e1s emblem\u00e1ticas de C\u00f3rdoba: <strong>el guadamec\u00ed<\/strong>.<\/p>\n\n\n\n<p>El documental, explora gracias a la colaboraci\u00f3n del <strong>Archivo Hist\u00f3rico Provincial de C\u00f3rdoba, El Palacio de Viana<\/strong>, el archivo y museos <strong>Municipales de C\u00f3rdoba<\/strong>, el <strong>Museo del Arte de la piel de Vic<\/strong>, o el conjunto arqueol\u00f3gico de <strong>Medina AZahara<\/strong> entre otros, el auge <strong>de los cueros dorados en los siglos XVI y XVII en Espa\u00f1a,<\/strong> cuando eran un art\u00edculo de lujo muy cotizado por la nobleza de todo el mundo, hasta su posterior casi olvido.&nbsp;<\/p>\n\n\n\n<p>El proyecto busca revivir la memoria de esta artesan\u00eda y su relevancia hist\u00f3rica y cultural, dando voz a los \u00faltimos artesanos de esta t\u00e9cnica poniendo el valor y dejando registro documental de estos oficios ya casi perdidos.<\/p>\n\n\n\n<p>La campa\u00f1a de crowdfunding, que se lanza el 1 de septiembre de 2025 y dura 40 d\u00edas, busca obtener el capital m\u00ednimo para la fase inicial de desarrollo del proyecto, que incluye investigaci\u00f3n, desarrollo del guion y la gesti\u00f3n administrativa y legal de la producci\u00f3n. Las aportaciones de los mecenas ayudar\u00e1n a cubrir una parte esencial de los costos y har\u00e1n a los colaboradores part\u00edcipes de <strong>la primera obra documental a nivel mundial<\/strong> sobre este tema.<\/p>\n\n\n\n<p>&#8220;El Viaje de los Cueros Dorados&#8221; cuenta con la valiosa participaci\u00f3n de <strong>archiveros<\/strong>, <strong>documentalistas<\/strong>, <strong>historiadores del arte, expertos<\/strong> en <strong>historia medieval y moderna<\/strong>, <strong>maestros artesanos<\/strong> e <strong>investigadores<\/strong>. El rodaje, adem\u00e1s de en <strong>C\u00f3rdoba<\/strong>, se ha realizado en otras ciudades espa\u00f1olas como <strong>Guadalajara<\/strong>, <strong>Vic<\/strong>, <strong>Barcelona<\/strong>, <strong>Zaragoza<\/strong>, <strong>Madrid<\/strong> y <strong>Valencia<\/strong>. Estas localizaciones son parte del recorrido que el documental explora para mostrar la expansi\u00f3n e influencia del <strong>guadamec\u00ed y las rutas comerciales<\/strong> que se originaron hacia <strong>Flandes, Pa\u00edses Bajos, Italia, Portugal<\/strong> y <strong>Am\u00e9rica<\/strong>.<\/p>\n\n\n\n<p>Como recompensa por su apoyo, los mecenas podr\u00e1n acceder a <strong>materiales in\u00e9ditos del rodaje<\/strong>, fotograf\u00edas del equipo, un exclusivo <strong>libreto digital<\/strong>, y ser los <strong>primeros en ver el documental<\/strong> a trav\u00e9s de un preestreno online. Tambi\u00e9n habr\u00e1 recompensas que incluyen <strong>entradas<\/strong> para el <strong>estreno<\/strong> en la gran pantalla en ciudades como <strong>Madrid, Barcelona, C\u00f3rdoba y Zaragoza<\/strong>.<\/p>\n\n\n\n<p>El documental es una producci\u00f3n de <strong>Bordonada Films,<\/strong> una productora independiente centrada en temas divulgativos, culturales, etnogr\u00e1ficos e hist\u00f3ricos. La direcci\u00f3n corre a cargo de la cordobesa <strong>Mar de Dios Rodr\u00edguez<\/strong>, quien tambi\u00e9n es guionista y productora ejecutiva del proyecto y cuenta con la co direcci\u00f3n y postproducci\u00f3n de<strong> Fern\u00e1ndez Bordonada.<\/strong><\/p>\n\n\n\n<p><strong>M\u00e1s informaci\u00f3n del proyecto:<\/strong><br \/><a href=\"https:\/\/www.bordonadafilms.com\/el-viaje-de-los-cueros-dorados\">https:\/\/www.bordonadafilms.com\/el-viaje-de-los-cueros-dorados<\/a><\/p>\n\n\n\n<p><strong>La direcci\u00f3n de la campa\u00f1a de crowdfunding en VERKAMI es:<\/strong><br \/><a href=\"https:\/\/vkm.is\/cuerosdorados\">https:\/\/vkm.is\/cuerosdorados<\/a><\/p>\n\n\n\n<p><\/p>\n","protected":false},"excerpt":{"rendered":"<p>Nota de prensa &#8211; M\u00e1laga 1 de septiembre 2025 Bordonada Films inicia una campa\u00f1a de crowdfunding para el documental &#8220;El Viaje de los Cueros Dorados&#8221; a trav\u00e9s de la plataforma Verkami, con el objetivo de dar a conocer el trabajo de los \u00faltimos artesanos y la historia de una de &#8230;<\/p>\n","protected":false},"author":1,"featured_media":12426,"comment_status":"closed","ping_status":"closed","sticky":false,"template":"","format":"standard","meta":{"footnotes":""},"categories":[53,2483,356,23,223,2337,3],"tags":[1350,3449,3448,3092,3452,3450,2114,3447,3453,3451],"class_list":["post-12425","post","type-post","status-publish","format-standard","has-post-thumbnail","hentry","category-documental","category-filmacion","category-novedades","category-promocion","category-reportajes","category-viajes","category-videos","tag-andalucia","tag-arte","tag-artesania","tag-cordoba-2","tag-cordobanes","tag-cueros-dorados","tag-documental","tag-guadameci","tag-historia-moderna","tag-piel","column","threecol","has-thumbnail"],"_links":{"self":[{"href":"https:\/\/www.chavinandez.com\/blog\/wp-json\/wp\/v2\/posts\/12425","targetHints":{"allow":["GET"]}}],"collection":[{"href":"https:\/\/www.chavinandez.com\/blog\/wp-json\/wp\/v2\/posts"}],"about":[{"href":"https:\/\/www.chavinandez.com\/blog\/wp-json\/wp\/v2\/types\/post"}],"author":[{"embeddable":true,"href":"https:\/\/www.chavinandez.com\/blog\/wp-json\/wp\/v2\/users\/1"}],"replies":[{"embeddable":true,"href":"https:\/\/www.chavinandez.com\/blog\/wp-json\/wp\/v2\/comments?post=12425"}],"version-history":[{"count":1,"href":"https:\/\/www.chavinandez.com\/blog\/wp-json\/wp\/v2\/posts\/12425\/revisions"}],"predecessor-version":[{"id":12427,"href":"https:\/\/www.chavinandez.com\/blog\/wp-json\/wp\/v2\/posts\/12425\/revisions\/12427"}],"wp:featuredmedia":[{"embeddable":true,"href":"https:\/\/www.chavinandez.com\/blog\/wp-json\/wp\/v2\/media\/12426"}],"wp:attachment":[{"href":"https:\/\/www.chavinandez.com\/blog\/wp-json\/wp\/v2\/media?parent=12425"}],"wp:term":[{"taxonomy":"category","embeddable":true,"href":"https:\/\/www.chavinandez.com\/blog\/wp-json\/wp\/v2\/categories?post=12425"},{"taxonomy":"post_tag","embeddable":true,"href":"https:\/\/www.chavinandez.com\/blog\/wp-json\/wp\/v2\/tags?post=12425"}],"curies":[{"name":"wp","href":"https:\/\/api.w.org\/{rel}","templated":true}]}}