{"id":12302,"date":"2025-05-02T08:11:25","date_gmt":"2025-05-02T07:11:25","guid":{"rendered":"https:\/\/www.chavinandez.com\/blog\/?p=12302"},"modified":"2025-05-02T08:11:25","modified_gmt":"2025-05-02T07:11:25","slug":"se-estrena-el-documental-renovables-forzosas-que-cuenta-la-lucha-del-pueblo-jienense-de-lopera-contra-las-megaplantas-fotovoltaicas","status":"publish","type":"post","link":"https:\/\/www.chavinandez.com\/blog\/se-estrena-el-documental-renovables-forzosas-que-cuenta-la-lucha-del-pueblo-jienense-de-lopera-contra-las-megaplantas-fotovoltaicas\/","title":{"rendered":"Se estrena el documental &#8216;Renovables forzosas&#8217;, que cuenta la lucha del pueblo jienense de Lopera contra las megaplantas fotovoltaicas"},"content":{"rendered":"\n<p>La proliferaci\u00f3n de megaplantas fotovoltaicas y de parques e\u00f3licos sin planificaci\u00f3n genera creciente preocupaci\u00f3n y movilizaci\u00f3n en buena parte de Espa\u00f1a y tambi\u00e9n en Andaluc\u00eda, con numerosos ejemplos en provincias como Ja\u00e9n, C\u00f3rdoba o Granada, donde las voces cr\u00edticas del campo alertan sobre la p\u00e9rdida de tierras f\u00e9rtiles y el expolio de los recursos h\u00eddricos por la especulaci\u00f3n.<\/p>\n\n\n\n<figure class=\"wp-block-image size-large\"><a href=\"https:\/\/www.chavinandez.com\/blog\/wp-content\/uploads\/2025\/05\/Captura-de-pantalla-2025-05-02-a-las-0.19.48-scaled.jpg\"><img loading=\"lazy\" decoding=\"async\" width=\"1024\" height=\"574\" src=\"https:\/\/www.chavinandez.com\/blog\/wp-content\/uploads\/2025\/05\/Captura-de-pantalla-2025-05-02-a-las-0.19.48-1024x574.jpg\" alt=\"\" class=\"wp-image-12303\" srcset=\"https:\/\/www.chavinandez.com\/blog\/wp-content\/uploads\/2025\/05\/Captura-de-pantalla-2025-05-02-a-las-0.19.48-1024x574.jpg 1024w, https:\/\/www.chavinandez.com\/blog\/wp-content\/uploads\/2025\/05\/Captura-de-pantalla-2025-05-02-a-las-0.19.48-480x269.jpg 480w, https:\/\/www.chavinandez.com\/blog\/wp-content\/uploads\/2025\/05\/Captura-de-pantalla-2025-05-02-a-las-0.19.48-200x112.jpg 200w, https:\/\/www.chavinandez.com\/blog\/wp-content\/uploads\/2025\/05\/Captura-de-pantalla-2025-05-02-a-las-0.19.48-768x431.jpg 768w, https:\/\/www.chavinandez.com\/blog\/wp-content\/uploads\/2025\/05\/Captura-de-pantalla-2025-05-02-a-las-0.19.48-1536x861.jpg 1536w, https:\/\/www.chavinandez.com\/blog\/wp-content\/uploads\/2025\/05\/Captura-de-pantalla-2025-05-02-a-las-0.19.48-2048x1149.jpg 2048w, https:\/\/www.chavinandez.com\/blog\/wp-content\/uploads\/2025\/05\/Captura-de-pantalla-2025-05-02-a-las-0.19.48-700x393.jpg 700w, https:\/\/www.chavinandez.com\/blog\/wp-content\/uploads\/2025\/05\/Captura-de-pantalla-2025-05-02-a-las-0.19.48-332x186.jpg 332w\" sizes=\"auto, (max-width: 1024px) 100vw, 1024px\" \/><\/a><figcaption class=\"wp-element-caption\">Rafael Alcal\u00e1 de la Plataforma Campi\u00f1a norte en un fotograma del documental en uno de los cuatro idiomas a los que se ha subtitulado.<\/figcaption><\/figure>\n\n\n\n<p>M\u00e1s informaci\u00f3n en la fuente:<\/p>\n\n\n\n<p><a href=\"https:\/\/www.elindependientedegranada.es\/economia\/estrena-documental-renovables-forzosas-que-cuenta-lucha-pueblo-jienense-lopera-megaplantas\">https:\/\/www.elindependientedegranada.es\/economia\/estrena-documental-renovables-forzosas-que-cuenta-lucha-pueblo-jienense-lopera-megaplantas<\/a><\/p>\n\n\n\n<p><\/p>\n","protected":false},"excerpt":{"rendered":"<p>La proliferaci\u00f3n de megaplantas fotovoltaicas y de parques e\u00f3licos sin planificaci\u00f3n genera creciente preocupaci\u00f3n y movilizaci\u00f3n en buena parte de Espa\u00f1a y tambi\u00e9n en Andaluc\u00eda, con numerosos ejemplos en provincias como Ja\u00e9n, C\u00f3rdoba o Granada, donde las voces cr\u00edticas del campo alertan sobre la p\u00e9rdida de tierras f\u00e9rtiles y el &#8230;<\/p>\n","protected":false},"author":1,"featured_media":12303,"comment_status":"closed","ping_status":"closed","sticky":false,"template":"","format":"standard","meta":{"footnotes":""},"categories":[2662,3078,53,3191,356,223],"tags":[255,1350,2114,3427,3426,3418,3425],"class_list":["post-12302","post","type-post","status-publish","format-standard","has-post-thumbnail","hentry","category-agricultura","category-agroalimentacion","category-documental","category-festivales-de-cine","category-novedades","category-reportajes","tag-agricultura","tag-andalucia","tag-documental","tag-justicia-social","tag-lopera","tag-renovables-forzosas","tag-renovablessiperonoasi","column","threecol","has-thumbnail"],"_links":{"self":[{"href":"https:\/\/www.chavinandez.com\/blog\/wp-json\/wp\/v2\/posts\/12302","targetHints":{"allow":["GET"]}}],"collection":[{"href":"https:\/\/www.chavinandez.com\/blog\/wp-json\/wp\/v2\/posts"}],"about":[{"href":"https:\/\/www.chavinandez.com\/blog\/wp-json\/wp\/v2\/types\/post"}],"author":[{"embeddable":true,"href":"https:\/\/www.chavinandez.com\/blog\/wp-json\/wp\/v2\/users\/1"}],"replies":[{"embeddable":true,"href":"https:\/\/www.chavinandez.com\/blog\/wp-json\/wp\/v2\/comments?post=12302"}],"version-history":[{"count":1,"href":"https:\/\/www.chavinandez.com\/blog\/wp-json\/wp\/v2\/posts\/12302\/revisions"}],"predecessor-version":[{"id":12304,"href":"https:\/\/www.chavinandez.com\/blog\/wp-json\/wp\/v2\/posts\/12302\/revisions\/12304"}],"wp:featuredmedia":[{"embeddable":true,"href":"https:\/\/www.chavinandez.com\/blog\/wp-json\/wp\/v2\/media\/12303"}],"wp:attachment":[{"href":"https:\/\/www.chavinandez.com\/blog\/wp-json\/wp\/v2\/media?parent=12302"}],"wp:term":[{"taxonomy":"category","embeddable":true,"href":"https:\/\/www.chavinandez.com\/blog\/wp-json\/wp\/v2\/categories?post=12302"},{"taxonomy":"post_tag","embeddable":true,"href":"https:\/\/www.chavinandez.com\/blog\/wp-json\/wp\/v2\/tags?post=12302"}],"curies":[{"name":"wp","href":"https:\/\/api.w.org\/{rel}","templated":true}]}}