{"id":12287,"date":"2025-03-02T12:20:23","date_gmt":"2025-03-02T11:20:23","guid":{"rendered":"https:\/\/www.chavinandez.com\/blog\/?p=12287"},"modified":"2025-03-02T12:42:15","modified_gmt":"2025-03-02T11:42:15","slug":"mejor-documental-de-medio-ambiente-en-la-35-edicion-del-certamen-internacional-maria-luisa-de-asturias","status":"publish","type":"post","link":"https:\/\/www.chavinandez.com\/blog\/mejor-documental-de-medio-ambiente-en-la-35-edicion-del-certamen-internacional-maria-luisa-de-asturias\/","title":{"rendered":"Mejor documental de Medio Ambiente en la 35 edici\u00f3n del Certamen Internacional de fotograf\u00eda y v\u00eddeo de Monta\u00f1a, Memorial Maria Luisa de Asturias"},"content":{"rendered":"\n<p><strong><a href=\"https:\/\/www.filmin.es\/pelicula\/montanas-en-armonia\">Monta\u00f1as en Armon\u00eda<\/a><\/strong> se hace con el <em><strong>Premio a Mejor Documental de Medio Ambiente<\/strong><\/em> en la trig\u00e9simo quinta edici\u00f3n del prestigioso <a href=\"https:\/\/www.memorialmarialuisa.com\/index2.php\"><strong>Certamen Internacional de Fotograf\u00eda y Video de Monta\u00f1a, Naturaleza y Aventura<\/strong><\/a> (35 MML)<\/p>\n\n\n\n<p>As\u00ed anunciaban esta pasada madrugada, el fallo del jurado del concurso desde su web:<\/p>\n\n\n\n<blockquote class=\"wp-block-quote is-layout-flow wp-block-quote-is-layout-flow\">\n<p><em>&#8220;El Jurado tras valorar las 18.684 fotograf\u00edas y 199 videos y documentales que fueron remitidos a concurso por los 1.590 fot\u00f3grafos inscritos, procedentes de 95 pa\u00edses, ha rese\u00f1ando aquellas fotograf\u00edas que resultaron ser las t\u00e9cnicamente m\u00e1s valiosas y las visualmente m\u00e1s impactantes, obteniendo como resultado ese conjunto de im\u00e1genes realmente singulares.<\/em><\/p>\n<\/blockquote>\n\n\n\n<blockquote class=\"wp-block-quote is-layout-flow wp-block-quote-is-layout-flow\">\n<p><em>En cuanto a la categor\u00eda de v\u00eddeos, pel\u00edculas y documentales, la pel\u00edcula ganadora absoluta, Gran Premio Foto Ruano, ha sido Unwavering, de Chris Schmid (Suiza). En esta categor\u00eda el jurado adem\u00e1s otorg\u00f3 otros nueve premios tem\u00e1ticos y diez menciones de honor.&#8221;<\/em><\/p>\n<\/blockquote>\n\n\n\n<p>Una grata sorpresa que aprovechamos desde aqu\u00ed, nuestro blog para compartir con todos los colaboradores del documental, habitantes y afectados, expertos, investigadores y voces cr\u00edticas aragonesas, que nos han permitido contar esta historia. <\/p>\n\n\n\n<p>Compartimos tambi\u00e9n con todos los amigos y mecenas este nuevo \u00e9xito (el vig\u00e9simo tercer reconocimiento internacional) que recibe el documental en su primer semestre desde su estreno en <a href=\"https:\/\/www.filmin.es\/pelicula\/montanas-en-armonia\"><strong>FILMIN<\/strong><\/a>, desde donde se puede ver en SVOD (Espa\u00f1a y Portugal).<\/p>\n\n\n\n<p>Este premio supone una nueva oportunidad que permitir\u00e1 dar m\u00e1s alcance y visibilidad al mensaje que guarda este proyecto documental de nuestras monta\u00f1as y sus r\u00edos, y que desgraciadamente no ha tenido acogida en ninguna cadena de televisi\u00f3n p\u00fablica ni Auton\u00f3mica en Espa\u00f1a.<\/p>\n\n\n\n<figure class=\"wp-block-image size-large\"><a href=\"https:\/\/www.chavinandez.com\/blog\/wp-content\/uploads\/2025\/03\/MEJORDOCUMENTALMEDIOAMBINETEMARIALUISA-1.jpg\"><img loading=\"lazy\" decoding=\"async\" width=\"1024\" height=\"997\" src=\"https:\/\/www.chavinandez.com\/blog\/wp-content\/uploads\/2025\/03\/MEJORDOCUMENTALMEDIOAMBINETEMARIALUISA-1-1024x997.jpg\" alt=\"\" class=\"wp-image-12296\" srcset=\"https:\/\/www.chavinandez.com\/blog\/wp-content\/uploads\/2025\/03\/MEJORDOCUMENTALMEDIOAMBINETEMARIALUISA-1-1024x997.jpg 1024w, https:\/\/www.chavinandez.com\/blog\/wp-content\/uploads\/2025\/03\/MEJORDOCUMENTALMEDIOAMBINETEMARIALUISA-1-308x300.jpg 308w, https:\/\/www.chavinandez.com\/blog\/wp-content\/uploads\/2025\/03\/MEJORDOCUMENTALMEDIOAMBINETEMARIALUISA-1-154x150.jpg 154w, https:\/\/www.chavinandez.com\/blog\/wp-content\/uploads\/2025\/03\/MEJORDOCUMENTALMEDIOAMBINETEMARIALUISA-1-768x748.jpg 768w, https:\/\/www.chavinandez.com\/blog\/wp-content\/uploads\/2025\/03\/MEJORDOCUMENTALMEDIOAMBINETEMARIALUISA-1-700x682.jpg 700w, https:\/\/www.chavinandez.com\/blog\/wp-content\/uploads\/2025\/03\/MEJORDOCUMENTALMEDIOAMBINETEMARIALUISA-1-332x323.jpg 332w, https:\/\/www.chavinandez.com\/blog\/wp-content\/uploads\/2025\/03\/MEJORDOCUMENTALMEDIOAMBINETEMARIALUISA-1.jpg 1039w\" sizes=\"auto, (max-width: 1024px) 100vw, 1024px\" \/><\/a><\/figure>\n\n\n\n<p><\/p>\n","protected":false},"excerpt":{"rendered":"<p>Monta\u00f1as en Armon\u00eda se hace con el Premio a Mejor Documental de Medio Ambiente en la trig\u00e9simo quinta edici\u00f3n del prestigioso Certamen Internacional de Fotograf\u00eda y Video de Monta\u00f1a, Naturaleza y Aventura (35 MML) As\u00ed anunciaban esta pasada madrugada, el fallo del jurado del concurso desde su web: &#8220;El Jurado &#8230;<\/p>\n","protected":false},"author":1,"featured_media":12288,"comment_status":"closed","ping_status":"closed","sticky":false,"template":"","format":"standard","meta":{"footnotes":""},"categories":[3142,53,7,3191,356,3190,23,223],"tags":[3421,2114,3408,3410,3420,3363,3366,3422,3423],"class_list":["post-12287","post","type-post","status-publish","format-standard","has-post-thumbnail","hentry","category-aragon","category-documental","category-experiencias","category-festivales-de-cine","category-novedades","category-premios","category-promocion","category-reportajes","tag-concurso-maria-luisa-2025","tag-documental","tag-documental-montanas-en-armonia","tag-filmin","tag-maria-luisa-certamen-2025","tag-montanas-en-armonia","tag-montanas-en-armonia-2","tag-montanas-en-armonia-en-filmin","tag-ver-montanas-en-armonia","column","threecol","has-thumbnail"],"_links":{"self":[{"href":"https:\/\/www.chavinandez.com\/blog\/wp-json\/wp\/v2\/posts\/12287","targetHints":{"allow":["GET"]}}],"collection":[{"href":"https:\/\/www.chavinandez.com\/blog\/wp-json\/wp\/v2\/posts"}],"about":[{"href":"https:\/\/www.chavinandez.com\/blog\/wp-json\/wp\/v2\/types\/post"}],"author":[{"embeddable":true,"href":"https:\/\/www.chavinandez.com\/blog\/wp-json\/wp\/v2\/users\/1"}],"replies":[{"embeddable":true,"href":"https:\/\/www.chavinandez.com\/blog\/wp-json\/wp\/v2\/comments?post=12287"}],"version-history":[{"count":8,"href":"https:\/\/www.chavinandez.com\/blog\/wp-json\/wp\/v2\/posts\/12287\/revisions"}],"predecessor-version":[{"id":12297,"href":"https:\/\/www.chavinandez.com\/blog\/wp-json\/wp\/v2\/posts\/12287\/revisions\/12297"}],"wp:featuredmedia":[{"embeddable":true,"href":"https:\/\/www.chavinandez.com\/blog\/wp-json\/wp\/v2\/media\/12288"}],"wp:attachment":[{"href":"https:\/\/www.chavinandez.com\/blog\/wp-json\/wp\/v2\/media?parent=12287"}],"wp:term":[{"taxonomy":"category","embeddable":true,"href":"https:\/\/www.chavinandez.com\/blog\/wp-json\/wp\/v2\/categories?post=12287"},{"taxonomy":"post_tag","embeddable":true,"href":"https:\/\/www.chavinandez.com\/blog\/wp-json\/wp\/v2\/tags?post=12287"}],"curies":[{"name":"wp","href":"https:\/\/api.w.org\/{rel}","templated":true}]}}