{"id":12205,"date":"2024-10-29T11:06:08","date_gmt":"2024-10-29T10:06:08","guid":{"rendered":"https:\/\/www.chavinandez.com\/blog\/?p=12205"},"modified":"2024-11-19T18:32:57","modified_gmt":"2024-11-19T17:32:57","slug":"bordonada-films","status":"publish","type":"post","link":"https:\/\/www.chavinandez.com\/blog\/bordonada-films\/","title":{"rendered":"Bordonada Films"},"content":{"rendered":"\n<p>Nos encanta conocer a trav\u00e9s de los testimonios de nuestros entrevistados algunos temas que nos preocupan y muchas veces desconocemos para poder ofrecer nuestra visi\u00f3n a trav\u00e9s del audiovisual que nos permitan dar voz a sus protagonistas y contar esas historias.<\/p>\n\n\n\n<p>Aqu\u00ed una peque\u00f1a parte de nuestro cat\u00e1logo de trabajos audiovisuales desde nuestro <a href=\"http:\/\/www.bordonadafilms.com\">showcase en VIMEO<\/a><\/p>\n\n\n\n<figure class=\"wp-block-embed is-type-video is-provider-vimeo wp-block-embed-vimeo wp-embed-aspect-16-9 wp-has-aspect-ratio\"><div class=\"wp-block-embed__wrapper\">\n<iframe title=\"BORDONADA FILMS\" src=\"https:\/\/vimeo.com\/showcase\/11430801\/embed2\" width=660 height=371 allowfullscreen frameborder=\"0\"><\/iframe>\n<\/div><\/figure>\n","protected":false},"excerpt":{"rendered":"<p>Nos encanta conocer a trav\u00e9s de los testimonios de nuestros entrevistados algunos temas que nos preocupan y muchas veces desconocemos para poder ofrecer nuestra visi\u00f3n a trav\u00e9s del audiovisual que nos permitan dar voz a sus protagonistas y contar esas historias. Aqu\u00ed una peque\u00f1a parte de nuestro cat\u00e1logo de trabajos &#8230;<\/p>\n","protected":false},"author":1,"featured_media":12209,"comment_status":"closed","ping_status":"closed","sticky":false,"template":"","format":"standard","meta":{"footnotes":""},"categories":[2662,3078,3142,53,3191,2483,2484,2661,356,3190,23,223,2337,3],"tags":[3347,3330,87,3361,3114,3407,3310,3408,134,3406],"class_list":["post-12205","post","type-post","status-publish","format-standard","has-post-thumbnail","hentry","category-agricultura","category-agroalimentacion","category-aragon","category-documental","category-festivales-de-cine","category-filmacion","category-fotografia-aerea","category-fotografia-alimentacion","category-novedades","category-premios","category-promocion","category-reportajes","category-viajes","category-videos","tag-bordonadafilms","tag-cine-documental","tag-documental-de-naturaleza","tag-documental-el-caballo-espanol","tag-documental-el-paisaje-del-olivar","tag-documental-etnografico","tag-documental-historico","tag-documental-montanas-en-armonia","tag-documental-naturaleza","tag-produccion-documental","column","threecol","has-thumbnail"],"_links":{"self":[{"href":"https:\/\/www.chavinandez.com\/blog\/wp-json\/wp\/v2\/posts\/12205","targetHints":{"allow":["GET"]}}],"collection":[{"href":"https:\/\/www.chavinandez.com\/blog\/wp-json\/wp\/v2\/posts"}],"about":[{"href":"https:\/\/www.chavinandez.com\/blog\/wp-json\/wp\/v2\/types\/post"}],"author":[{"embeddable":true,"href":"https:\/\/www.chavinandez.com\/blog\/wp-json\/wp\/v2\/users\/1"}],"replies":[{"embeddable":true,"href":"https:\/\/www.chavinandez.com\/blog\/wp-json\/wp\/v2\/comments?post=12205"}],"version-history":[{"count":6,"href":"https:\/\/www.chavinandez.com\/blog\/wp-json\/wp\/v2\/posts\/12205\/revisions"}],"predecessor-version":[{"id":12223,"href":"https:\/\/www.chavinandez.com\/blog\/wp-json\/wp\/v2\/posts\/12205\/revisions\/12223"}],"wp:featuredmedia":[{"embeddable":true,"href":"https:\/\/www.chavinandez.com\/blog\/wp-json\/wp\/v2\/media\/12209"}],"wp:attachment":[{"href":"https:\/\/www.chavinandez.com\/blog\/wp-json\/wp\/v2\/media?parent=12205"}],"wp:term":[{"taxonomy":"category","embeddable":true,"href":"https:\/\/www.chavinandez.com\/blog\/wp-json\/wp\/v2\/categories?post=12205"},{"taxonomy":"post_tag","embeddable":true,"href":"https:\/\/www.chavinandez.com\/blog\/wp-json\/wp\/v2\/tags?post=12205"}],"curies":[{"name":"wp","href":"https:\/\/api.w.org\/{rel}","templated":true}]}}