{"id":11570,"date":"2023-11-29T18:48:35","date_gmt":"2023-11-29T17:48:35","guid":{"rendered":"https:\/\/www.chavinandez.com\/blog\/?p=11570"},"modified":"2023-11-29T19:05:15","modified_gmt":"2023-11-29T18:05:15","slug":"sicab-2023","status":"publish","type":"post","link":"https:\/\/www.chavinandez.com\/blog\/sicab-2023\/","title":{"rendered":"SICAB 2023 el escaparate internacional"},"content":{"rendered":"\n<p>Un escaparate internacional con presencia de 67 pa\u00edses enamorados del Caballo Espa\u00f1ol se dan cita durante casi una semana de eventos en la 33\u00aa edici\u00f3n&nbsp;que se celebra este a\u00f1o.<\/p>\n\n\n\n<figure class=\"wp-block-image size-large\"><a href=\"https:\/\/www.chavinandez.com\/blog\/wp-content\/uploads\/2023\/11\/cartel_sicab23_feed.jpg\"><img loading=\"lazy\" decoding=\"async\" width=\"1024\" height=\"1024\" src=\"https:\/\/www.chavinandez.com\/blog\/wp-content\/uploads\/2023\/11\/cartel_sicab23_feed-1024x1024.jpg\" alt=\"\" class=\"wp-image-11572\" srcset=\"https:\/\/www.chavinandez.com\/blog\/wp-content\/uploads\/2023\/11\/cartel_sicab23_feed-1024x1024.jpg 1024w, https:\/\/www.chavinandez.com\/blog\/wp-content\/uploads\/2023\/11\/cartel_sicab23_feed-300x300.jpg 300w, https:\/\/www.chavinandez.com\/blog\/wp-content\/uploads\/2023\/11\/cartel_sicab23_feed-150x150.jpg 150w, https:\/\/www.chavinandez.com\/blog\/wp-content\/uploads\/2023\/11\/cartel_sicab23_feed-768x768.jpg 768w, https:\/\/www.chavinandez.com\/blog\/wp-content\/uploads\/2023\/11\/cartel_sicab23_feed-700x700.jpg 700w, https:\/\/www.chavinandez.com\/blog\/wp-content\/uploads\/2023\/11\/cartel_sicab23_feed-332x332.jpg 332w, https:\/\/www.chavinandez.com\/blog\/wp-content\/uploads\/2023\/11\/cartel_sicab23_feed-432x432.jpg 432w, https:\/\/www.chavinandez.com\/blog\/wp-content\/uploads\/2023\/11\/cartel_sicab23_feed-268x268.jpg 268w, https:\/\/www.chavinandez.com\/blog\/wp-content\/uploads\/2023\/11\/cartel_sicab23_feed.jpg 1080w\" sizes=\"auto, (max-width: 1024px) 100vw, 1024px\" \/><\/a><\/figure>\n\n\n\n<p><\/p>\n\n\n\n<p>El evento que se celebra en Sevilla desde 1991, se ha convertido en un &#8220;referente internacional&#8221; de la cr\u00eda del Pura Raza Espa\u00f1ola y que en la pasada edici\u00f3n se registr\u00f3 m\u00e1s de 350.000 visitas. Adem\u00e1s de la presencia de ganader\u00edas internacionales de 67 pa\u00edses, en esta ocasi\u00f3n se recibir\u00e1 a una delegaci\u00f3n de 14 personas provenientes de Estados Unidos, Alemania, Holanda, Rusia y Kazajist\u00e1n. Dicha delegaci\u00f3n, compuesta por entrenadores, prescriptores y periodistas, se sumergir\u00e1 en una experiencia de tres d\u00edas para descubrir el Sal\u00f3n. <\/p>\n\n\n\n<p><\/p>\n\n\n\n<p>Para nosotros es un honor poder mostrar a todos los asistentes como est\u00e1 siendo acogida nuestra historia documental all\u00e1 por donde pasa y que atesora 17 premios, 4 nominaciones y 4 menciones de honor en su recorrido el primer semestre de festivales internacionales a la Mejor direcci\u00f3n, Mejor Documental Hist\u00f3rico, Mejor Narrativa documental, Mejor fotograf\u00eda, Mejor supervisi\u00f3n musical, Mejor largometraje documental, Mejor documental educativo, Mejor producci\u00f3n en; Roma, Berl\u00edn, Nueva York, Kiev, Chicago, Bruselas, Budapest, Mumbai, Cannes, Edimburgo, Londres, Croacia, Suecia, Helsinki, Jaipur-Rajasthan, Uruguay, Brasil, Amsterdam, Helsinki, Colonia, Florencia.<\/p>\n\n\n\n<p><\/p>\n\n\n\n<figure class=\"wp-block-embed is-type-video is-provider-vimeo wp-block-embed-vimeo wp-embed-aspect-16-9 wp-has-aspect-ratio\"><div class=\"wp-block-embed__wrapper\">\n<iframe loading=\"lazy\" title=\"SICAB 2023 -TR\u00c1ILER - EL CABALLO ESPA\u00d1OL; EL ORIGEN\" src=\"https:\/\/player.vimeo.com\/video\/880572932?dnt=1&amp;app_id=122963\" width=\"660\" height=\"371\" frameborder=\"0\" allow=\"autoplay; fullscreen; picture-in-picture; clipboard-write\"><\/iframe>\n<\/div><\/figure>\n\n\n\n<p><\/p>\n\n\n\n<p>Deseando poder llegar al mayor n\u00famero de p\u00fablicos para ir incrementando la expectaci\u00f3n por su proyecci\u00f3n en todos los pa\u00edses que lo deseen, seguimos firmes y sin descanso nuestro itinerario por una buena causa solidaria, que es lo m\u00e1s importante y la que persigue el documental.<\/p>\n","protected":false},"excerpt":{"rendered":"<p>Un escaparate internacional con presencia de 67 pa\u00edses enamorados del Caballo Espa\u00f1ol se dan cita durante casi una semana de eventos en la 33\u00aa edici\u00f3n&nbsp;que se celebra este a\u00f1o. El evento que se celebra en Sevilla desde 1991, se ha convertido en un &#8220;referente internacional&#8221; de la cr\u00eda del Pura &#8230;<\/p>\n","protected":false},"author":1,"featured_media":11571,"comment_status":"closed","ping_status":"closed","sticky":false,"template":"","format":"standard","meta":{"footnotes":""},"categories":[2662,53,7,356,23,223,11,2337],"tags":[1350,2114,3361,3360,1345,3359],"class_list":["post-11570","post","type-post","status-publish","format-standard","has-post-thumbnail","hentry","category-agricultura","category-documental","category-experiencias","category-novedades","category-promocion","category-reportajes","category-httpwwwlabatiruralcomwordpress","category-viajes","tag-andalucia","tag-documental","tag-documental-el-caballo-espanol","tag-feria-del-caballo-espanol","tag-sevilla","tag-sicab-2023","column","threecol","has-thumbnail"],"_links":{"self":[{"href":"https:\/\/www.chavinandez.com\/blog\/wp-json\/wp\/v2\/posts\/11570","targetHints":{"allow":["GET"]}}],"collection":[{"href":"https:\/\/www.chavinandez.com\/blog\/wp-json\/wp\/v2\/posts"}],"about":[{"href":"https:\/\/www.chavinandez.com\/blog\/wp-json\/wp\/v2\/types\/post"}],"author":[{"embeddable":true,"href":"https:\/\/www.chavinandez.com\/blog\/wp-json\/wp\/v2\/users\/1"}],"replies":[{"embeddable":true,"href":"https:\/\/www.chavinandez.com\/blog\/wp-json\/wp\/v2\/comments?post=11570"}],"version-history":[{"count":4,"href":"https:\/\/www.chavinandez.com\/blog\/wp-json\/wp\/v2\/posts\/11570\/revisions"}],"predecessor-version":[{"id":11576,"href":"https:\/\/www.chavinandez.com\/blog\/wp-json\/wp\/v2\/posts\/11570\/revisions\/11576"}],"wp:featuredmedia":[{"embeddable":true,"href":"https:\/\/www.chavinandez.com\/blog\/wp-json\/wp\/v2\/media\/11571"}],"wp:attachment":[{"href":"https:\/\/www.chavinandez.com\/blog\/wp-json\/wp\/v2\/media?parent=11570"}],"wp:term":[{"taxonomy":"category","embeddable":true,"href":"https:\/\/www.chavinandez.com\/blog\/wp-json\/wp\/v2\/categories?post=11570"},{"taxonomy":"post_tag","embeddable":true,"href":"https:\/\/www.chavinandez.com\/blog\/wp-json\/wp\/v2\/tags?post=11570"}],"curies":[{"name":"wp","href":"https:\/\/api.w.org\/{rel}","templated":true}]}}