{"id":11491,"date":"2023-07-10T19:51:20","date_gmt":"2023-07-10T18:51:20","guid":{"rendered":"https:\/\/www.chavinandez.com\/blog\/?p=11491"},"modified":"2023-07-10T19:51:20","modified_gmt":"2023-07-10T18:51:20","slug":"un-viaje-fotografico-de-ensueno-por-los-tres-pirineos-en-otono","status":"publish","type":"post","link":"https:\/\/www.chavinandez.com\/blog\/un-viaje-fotografico-de-ensueno-por-los-tres-pirineos-en-otono\/","title":{"rendered":"Un viaje fotogr\u00e1fico de ensue\u00f1o por los Tres Pirineos en oto\u00f1o"},"content":{"rendered":"\n<p>En unos meses nos escapamos por uno de los entornos naturales m\u00e1s sorprendentes de la pen\u00ednsula ib\u00e9rica. Lo sabemos muy bien, porque desde ni\u00f1os nos ha tocado visitarlo, vivirlo, recorrerlo y amarlo. <\/p>\n\n\n\n<p>Una semana de ensue\u00f1o basada en la experiencia previa de quince a\u00f1os realizando talleres de fotograf\u00eda de fin de semana en algunas localidades y localizaciones \u00fanicas que visitamos. Un recorrido que incluye lo mejor del patrimonio gastron\u00f3mico, los enclaves m\u00e1s sorprendentes en su mejor hora, y un recorrido  hist\u00f3rico \u00fanico desde el norte de las monta\u00f1as de Navarra hasta las de Catalu\u00f1a, pasando por el Pirineo Aragon\u00e9s. 700 kil\u00f3metros con la comodidad de viajar de manera confortable en peque\u00f1o grupo y en furgoneta Mercedes Benz para ir llevados y guiados hasta el pi\u00e9 de cada una de las localizaciones de manera exclusiva como lo llevamos haciendo desde hace muchos a\u00f1os. <\/p>\n\n\n\n<p>La edici\u00f3n comienza y termina en Zaragoza (para que cada asistente pueda llegar c\u00f3modamente en tren, <strong>Ouigo<\/strong>, <strong>iryo<\/strong>, <strong>AVE<\/strong>) para salir desde ah\u00ed en direcci\u00f3n a Roncesvalles y los valles navarros, despu\u00e9s pasar por Arag\u00f3n y terminar el itinerario en el Pirineo de Lleida, visitando alguno de los enclaves naturales m\u00e1s sorprendentes de los tres pirineos.<\/p>\n\n\n\n<p>Un itinerario que conjuga localizaciones exclusivas para disfrutar del paisaje oto\u00f1al, en la estaci\u00f3n multicolor y cuenta con el apoyo de algunos de los servicios, empresas y gu\u00edas profesionales de los parques nacionales y naturales que visitamos en peque\u00f1o grupo como en todos nuestros viajes fotogr\u00e1ficos.<\/p>\n\n\n\n<p>De todo ello aqu\u00ed en el v\u00eddeo, hay algunas de las localizaciones. Si te animas a\u00fan nos quedan las ultimas plazas. M\u00e1s informaci\u00f3n y <strong><a href=\"https:\/\/photolocus.net\/shop\/viajes-fotograficos\/218-viaje-por-los-tres-pirineos-otonales.html\" data-type=\"URL\" data-id=\"https:\/\/photolocus.net\/shop\/viajes-fotograficos\/218-viaje-por-los-tres-pirineos-otonales.html\" target=\"_blank\" rel=\"noreferrer noopener\">reserva de las ultimas DOS plazas.<\/a><\/strong><\/p>\n\n\n\n<figure class=\"wp-block-embed is-type-video is-provider-vimeo wp-block-embed-vimeo wp-embed-aspect-16-9 wp-has-aspect-ratio\"><div class=\"wp-block-embed__wrapper\">\n<iframe loading=\"lazy\" title=\"VIAJE FOTOGR\u00c1FICO TRES PIRINEOS OTO\u00d1ALES\" src=\"https:\/\/player.vimeo.com\/video\/843187798?dnt=1&amp;app_id=122963\" width=\"660\" height=\"371\" frameborder=\"0\" allow=\"autoplay; fullscreen; picture-in-picture; clipboard-write\"><\/iframe>\n<\/div><\/figure>\n","protected":false},"excerpt":{"rendered":"<p>En unos meses nos escapamos por uno de los entornos naturales m\u00e1s sorprendentes de la pen\u00ednsula ib\u00e9rica. Lo sabemos muy bien, porque desde ni\u00f1os nos ha tocado visitarlo, vivirlo, recorrerlo y amarlo. Una semana de ensue\u00f1o basada en la experiencia previa de quince a\u00f1os realizando talleres de fotograf\u00eda de fin &#8230;<\/p>\n","protected":false},"author":1,"featured_media":11492,"comment_status":"closed","ping_status":"closed","sticky":false,"template":"","format":"standard","meta":{"footnotes":""},"categories":[7,356,23,223,37,11,2337,3],"tags":[60,67,2891,1855,3338,3337,3340,1928,3339,91,641,3341],"class_list":["post-11491","post","type-post","status-publish","format-standard","has-post-thumbnail","hentry","category-experiencias","category-novedades","category-promocion","category-reportajes","category-talleres","category-httpwwwlabatiruralcomwordpress","category-viajes","category-videos","tag-fotografia-de-viajes","tag-pirineos","tag-viajar-por-pirineos","tag-viaje-fotografico","tag-viaje-fotografico-huesca","tag-viaje-fotografico-lerida","tag-viaje-fotografico-navarra","tag-viaje-fotografico-otono","tag-viaje-fotografico-zaragoza","tag-viajes","tag-viajes-fotograficos","tag-viajes-fotograficos-2023","column","threecol","has-thumbnail"],"_links":{"self":[{"href":"https:\/\/www.chavinandez.com\/blog\/wp-json\/wp\/v2\/posts\/11491","targetHints":{"allow":["GET"]}}],"collection":[{"href":"https:\/\/www.chavinandez.com\/blog\/wp-json\/wp\/v2\/posts"}],"about":[{"href":"https:\/\/www.chavinandez.com\/blog\/wp-json\/wp\/v2\/types\/post"}],"author":[{"embeddable":true,"href":"https:\/\/www.chavinandez.com\/blog\/wp-json\/wp\/v2\/users\/1"}],"replies":[{"embeddable":true,"href":"https:\/\/www.chavinandez.com\/blog\/wp-json\/wp\/v2\/comments?post=11491"}],"version-history":[{"count":1,"href":"https:\/\/www.chavinandez.com\/blog\/wp-json\/wp\/v2\/posts\/11491\/revisions"}],"predecessor-version":[{"id":11493,"href":"https:\/\/www.chavinandez.com\/blog\/wp-json\/wp\/v2\/posts\/11491\/revisions\/11493"}],"wp:featuredmedia":[{"embeddable":true,"href":"https:\/\/www.chavinandez.com\/blog\/wp-json\/wp\/v2\/media\/11492"}],"wp:attachment":[{"href":"https:\/\/www.chavinandez.com\/blog\/wp-json\/wp\/v2\/media?parent=11491"}],"wp:term":[{"taxonomy":"category","embeddable":true,"href":"https:\/\/www.chavinandez.com\/blog\/wp-json\/wp\/v2\/categories?post=11491"},{"taxonomy":"post_tag","embeddable":true,"href":"https:\/\/www.chavinandez.com\/blog\/wp-json\/wp\/v2\/tags?post=11491"}],"curies":[{"name":"wp","href":"https:\/\/api.w.org\/{rel}","templated":true}]}}