{"id":11335,"date":"2023-05-10T09:20:05","date_gmt":"2023-05-10T08:20:05","guid":{"rendered":"https:\/\/www.chavinandez.com\/blog\/?p=11335"},"modified":"2023-05-11T20:13:31","modified_gmt":"2023-05-11T19:13:31","slug":"comienza-la-distribucion-en-festivales-del-documental-el-caballo-espanol-el-origen","status":"publish","type":"post","link":"https:\/\/www.chavinandez.com\/blog\/comienza-la-distribucion-en-festivales-del-documental-el-caballo-espanol-el-origen\/","title":{"rendered":"Comienza la distribuci\u00f3n en festivales del documental &#8220;El Caballo Espa\u00f1ol, el origen&#8221;"},"content":{"rendered":"\n<p>Una vez terminada la postproducci\u00f3n del documental comenzamos con la distribuci\u00f3n de \u00e9ste en festivales de cine internacionales. Latinoam\u00e9rica es el primer foco; Chile, Ecuador, M\u00e9xico, Costa Rica, Argentina, Colombia, Puerto Rico, Paraguay, Per\u00fa, Panama&#8230;entre otros pa\u00edses de habla hispana.<\/p>\n\n\n\n<p>A continuaci\u00f3n ir\u00e1n el resto de los festivales angloparlantes en donde esperamos durante al menos un a\u00f1o y medio est\u00e9 nuestro \u00faltimo trabajo paseando por la gran pantalla y dando a conocer la historia del caballo espa\u00f1ol en el mundo entero.<\/p>\n\n\n\n<figure class=\"wp-block-image size-large\"><a href=\"https:\/\/www.chavinandez.com\/blog\/wp-content\/uploads\/2023\/05\/CARTEL-OFICIAL-CABALLO-INGLES-HORIZONTAL-1.jpg\"><img loading=\"lazy\" decoding=\"async\" width=\"1024\" height=\"576\" src=\"https:\/\/www.chavinandez.com\/blog\/wp-content\/uploads\/2023\/05\/CARTEL-OFICIAL-CABALLO-INGLES-HORIZONTAL-1-1024x576.jpg\" alt=\"\" class=\"wp-image-11351\" srcset=\"https:\/\/www.chavinandez.com\/blog\/wp-content\/uploads\/2023\/05\/CARTEL-OFICIAL-CABALLO-INGLES-HORIZONTAL-1-1024x576.jpg 1024w, https:\/\/www.chavinandez.com\/blog\/wp-content\/uploads\/2023\/05\/CARTEL-OFICIAL-CABALLO-INGLES-HORIZONTAL-1-480x270.jpg 480w, https:\/\/www.chavinandez.com\/blog\/wp-content\/uploads\/2023\/05\/CARTEL-OFICIAL-CABALLO-INGLES-HORIZONTAL-1-200x113.jpg 200w, https:\/\/www.chavinandez.com\/blog\/wp-content\/uploads\/2023\/05\/CARTEL-OFICIAL-CABALLO-INGLES-HORIZONTAL-1-768x432.jpg 768w, https:\/\/www.chavinandez.com\/blog\/wp-content\/uploads\/2023\/05\/CARTEL-OFICIAL-CABALLO-INGLES-HORIZONTAL-1-1536x864.jpg 1536w, https:\/\/www.chavinandez.com\/blog\/wp-content\/uploads\/2023\/05\/CARTEL-OFICIAL-CABALLO-INGLES-HORIZONTAL-1-700x393.jpg 700w, https:\/\/www.chavinandez.com\/blog\/wp-content\/uploads\/2023\/05\/CARTEL-OFICIAL-CABALLO-INGLES-HORIZONTAL-1-332x187.jpg 332w, https:\/\/www.chavinandez.com\/blog\/wp-content\/uploads\/2023\/05\/CARTEL-OFICIAL-CABALLO-INGLES-HORIZONTAL-1.jpg 1920w\" sizes=\"auto, (max-width: 1024px) 100vw, 1024px\" \/><\/a><\/figure>\n\n\n\n<p>Si no quieres esperar a finales de 2024, fecha en que esperamos se pueda ver en Espa\u00f1a, si alguna cadena o canal tiene inter\u00e9s, te invitamos el pr\u00f3ximo <strong>16 de junio a las 18h en la Filmoteca de Andaluc\u00eda en C\u00f3rdoba<\/strong> dentro del marco de las proyecciones de la <a rel=\"noreferrer noopener\" href=\"https:\/\/bienaldefotografia.cordoba.es\/proyecciones-ciclo-primer-plano\/\" target=\"_blank\"><strong>XVIII Bienal de fotograf\u00eda de C\u00f3rdoba<\/strong>,<\/a> en donde se har\u00e1 un <em>pase para prensa, colaboradores, mecenas y amigos<\/em>. Mientras aqu\u00ed puedes ver el <strong><a rel=\"noreferrer noopener\" href=\"https:\/\/vimeo.com\/showcase\/9555950\" target=\"_blank\">tr\u00e1iler y algunos de los making of <\/a><\/strong>del trabajo en VIMEO y en <a rel=\"noreferrer noopener\" href=\"https:\/\/youtube.com\/playlist?list=PLGMeDfbE41RVp56j_417K0F_Q8Ah7KL1C\" target=\"_blank\"><strong>YouTube<\/strong><\/a><\/p>\n\n\n\n<p>Deseando poder saludarte entonces, recibe un cordial saludo.<\/p>\n\n\n\n<p>Fdo: Chavi<br \/>El director y productor de la peli.<\/p>\n\n\n\n<p style=\"font-size:57px\">IMPORTANTE<\/p>\n\n\n\n<p>P.D: <em>Si est\u00e1s interesado y quieres quieres dar la vuelta al mundo con <strong>tu marca, logotipo de empresa<\/strong>, en los cr\u00e9ditos iniciales del documental solo tienes que ponerte en contacto con nosotros antes de cerrar los espacios de patrocinio durante este mes de mayo. <\/em><br \/><em>Contacto <strong>chavinandez@gmail.com y +34 619703569<\/strong><\/em><\/p>\n","protected":false},"excerpt":{"rendered":"<p>Una vez terminada la postproducci\u00f3n del documental comenzamos con la distribuci\u00f3n de \u00e9ste en festivales de cine internacionales. Latinoam\u00e9rica es el primer foco; Chile, Ecuador, M\u00e9xico, Costa Rica, Argentina, Colombia, Puerto Rico, Paraguay, Per\u00fa, Panama&#8230;entre otros pa\u00edses de habla hispana. A continuaci\u00f3n ir\u00e1n el resto de los festivales angloparlantes en &#8230;<\/p>\n","protected":false},"author":1,"featured_media":11356,"comment_status":"closed","ping_status":"closed","sticky":false,"template":"","format":"standard","meta":{"footnotes":""},"categories":[53,3191,356,23,223,2337,3],"tags":[2114,135,3217,3314,3311,3313],"class_list":["post-11335","post","type-post","status-publish","format-standard","has-post-thumbnail","hentry","category-documental","category-festivales-de-cine","category-novedades","category-promocion","category-reportajes","category-viajes","category-videos","tag-documental","tag-documentales","tag-el-caballo-espanol","tag-el-caballo-pre","tag-el-origen-del-caballo-espanol","tag-preestreno-el-caballo-espanol","column","threecol","has-thumbnail"],"_links":{"self":[{"href":"https:\/\/www.chavinandez.com\/blog\/wp-json\/wp\/v2\/posts\/11335","targetHints":{"allow":["GET"]}}],"collection":[{"href":"https:\/\/www.chavinandez.com\/blog\/wp-json\/wp\/v2\/posts"}],"about":[{"href":"https:\/\/www.chavinandez.com\/blog\/wp-json\/wp\/v2\/types\/post"}],"author":[{"embeddable":true,"href":"https:\/\/www.chavinandez.com\/blog\/wp-json\/wp\/v2\/users\/1"}],"replies":[{"embeddable":true,"href":"https:\/\/www.chavinandez.com\/blog\/wp-json\/wp\/v2\/comments?post=11335"}],"version-history":[{"count":10,"href":"https:\/\/www.chavinandez.com\/blog\/wp-json\/wp\/v2\/posts\/11335\/revisions"}],"predecessor-version":[{"id":11352,"href":"https:\/\/www.chavinandez.com\/blog\/wp-json\/wp\/v2\/posts\/11335\/revisions\/11352"}],"wp:featuredmedia":[{"embeddable":true,"href":"https:\/\/www.chavinandez.com\/blog\/wp-json\/wp\/v2\/media\/11356"}],"wp:attachment":[{"href":"https:\/\/www.chavinandez.com\/blog\/wp-json\/wp\/v2\/media?parent=11335"}],"wp:term":[{"taxonomy":"category","embeddable":true,"href":"https:\/\/www.chavinandez.com\/blog\/wp-json\/wp\/v2\/categories?post=11335"},{"taxonomy":"post_tag","embeddable":true,"href":"https:\/\/www.chavinandez.com\/blog\/wp-json\/wp\/v2\/tags?post=11335"}],"curies":[{"name":"wp","href":"https:\/\/api.w.org\/{rel}","templated":true}]}}