{"id":11289,"date":"2023-01-28T14:07:59","date_gmt":"2023-01-28T13:07:59","guid":{"rendered":"https:\/\/www.chavinandez.com\/blog\/?p=11289"},"modified":"2023-01-28T16:39:27","modified_gmt":"2023-01-28T15:39:27","slug":"fase-final-de-montaje-del-documental-el-caballo-espanol","status":"publish","type":"post","link":"https:\/\/www.chavinandez.com\/blog\/fase-final-de-montaje-del-documental-el-caballo-espanol\/","title":{"rendered":"Fase actual del montaje del documental El Caballo Espa\u00f1ol"},"content":{"rendered":"\n<p>En estas semanas nos hayamos inmersos en dise\u00f1ar, argumentar y adaptar todos los cambios del gui\u00f3n inicial, as\u00ed como tratar de ultimar algunos de los recursos que necesit\u00e1bamos para el montaje definitivo y que nos est\u00e1 llevando mucho m\u00e1s tiempo del que nos hubiera gustado.<\/p>\n\n\n\n<p>En esta fase, una de las \u00faltimas, al igual que en el resto hemos tenido que afrontar con nuestros medios propios, aunque limitados, todo el proceso ayudados de tes\u00f3n mucha ilusi\u00f3n y paciencia. La fase de postproducci\u00f3n es crear una nueva pel\u00edcula que pensabas ser\u00eda de una manera, y hab\u00edas estudiado documentado para que as\u00ed lo fuera, pero en la que te das cuenta al finalizar el rodaje que hay mucho m\u00e1s que contar para ser fieles a la verdad, y te esperas en incluirlo, le guste o no al mundo que descubres desde fuera, el director eres t\u00fa y tu enfoque es el que debe firmar el trabajo.<\/p>\n\n\n\n<p>No soy ning\u00fan experto, pero he aprendido que en el documental nada est\u00e1 cerrado hasta su montaje y corte final en donde poder dar lo mejor de cada testimonio y de las muchas horas del metraje. Estudias una y hasta m\u00e1s de cien veces de memoria, cada frase, gesto y emoci\u00f3n de cada entrevista, buscando as\u00ed contrastar y documentar con fidelidad la realidad de cada una de ellas y de las tramas que servir\u00e1n para crear un argumento s\u00f3lido, veraz, entretenido y lleno de emociones, y todo ello conforma tu visi\u00f3n desde fuera de ese mundo.<\/p>\n\n\n\n<p>A todo ello, le dedicamos todo nuestro esfuerzo, pasi\u00f3n, y poner lo mejor de nosotros en cada uno de los ratos libres que podemos hacerlo, que suele ser despu\u00e9s de los trabajos a los que nos debemos de nuestros clientes. Este invierno no hemos parado. Y a\u00fan con retraso pero sin pausa, vamos a tiempo para nuestro estreno en C\u00f3rdoba, en mayo. Estamos en la fase final que no la \u00faltima, de este maravilloso proyecto solidario.<\/p>\n\n\n\n<p>Este ultimo tr\u00e1iler, el primero de 2023, muestra algunas de las tramas que se entremezclan en el documental. Y si, busca elevar el inter\u00e9s del espectador.<\/p>\n\n\n\n<p>Espero que os guste \ud83d\ude09<\/p>\n\n\n\n<figure class=\"wp-block-embed is-type-video is-provider-vimeo wp-block-embed-vimeo wp-embed-aspect-16-9 wp-has-aspect-ratio\"><div class=\"wp-block-embed__wrapper\">\n<iframe loading=\"lazy\" title=\"TRAILER 2023 EL CABALLO ESPA\u00d1OL, EL ORIGEN\" src=\"https:\/\/player.vimeo.com\/video\/793106086?dnt=1&amp;app_id=122963\" width=\"660\" height=\"371\" frameborder=\"0\" allow=\"autoplay; fullscreen; picture-in-picture; clipboard-write\"><\/iframe>\n<\/div><\/figure>\n","protected":false},"excerpt":{"rendered":"<p>En estas semanas nos hayamos inmersos en dise\u00f1ar, argumentar y adaptar todos los cambios del gui\u00f3n inicial, as\u00ed como tratar de ultimar algunos de los recursos que necesit\u00e1bamos para el montaje definitivo y que nos est\u00e1 llevando mucho m\u00e1s tiempo del que nos hubiera gustado. En esta fase, una de &#8230;<\/p>\n","protected":false},"author":1,"featured_media":11291,"comment_status":"closed","ping_status":"closed","sticky":false,"template":"","format":"standard","meta":{"footnotes":""},"categories":[53,23],"tags":[3217],"class_list":["post-11289","post","type-post","status-publish","format-standard","has-post-thumbnail","hentry","category-documental","category-promocion","tag-el-caballo-espanol","column","threecol","has-thumbnail"],"_links":{"self":[{"href":"https:\/\/www.chavinandez.com\/blog\/wp-json\/wp\/v2\/posts\/11289","targetHints":{"allow":["GET"]}}],"collection":[{"href":"https:\/\/www.chavinandez.com\/blog\/wp-json\/wp\/v2\/posts"}],"about":[{"href":"https:\/\/www.chavinandez.com\/blog\/wp-json\/wp\/v2\/types\/post"}],"author":[{"embeddable":true,"href":"https:\/\/www.chavinandez.com\/blog\/wp-json\/wp\/v2\/users\/1"}],"replies":[{"embeddable":true,"href":"https:\/\/www.chavinandez.com\/blog\/wp-json\/wp\/v2\/comments?post=11289"}],"version-history":[{"count":21,"href":"https:\/\/www.chavinandez.com\/blog\/wp-json\/wp\/v2\/posts\/11289\/revisions"}],"predecessor-version":[{"id":11292,"href":"https:\/\/www.chavinandez.com\/blog\/wp-json\/wp\/v2\/posts\/11289\/revisions\/11292"}],"wp:featuredmedia":[{"embeddable":true,"href":"https:\/\/www.chavinandez.com\/blog\/wp-json\/wp\/v2\/media\/11291"}],"wp:attachment":[{"href":"https:\/\/www.chavinandez.com\/blog\/wp-json\/wp\/v2\/media?parent=11289"}],"wp:term":[{"taxonomy":"category","embeddable":true,"href":"https:\/\/www.chavinandez.com\/blog\/wp-json\/wp\/v2\/categories?post=11289"},{"taxonomy":"post_tag","embeddable":true,"href":"https:\/\/www.chavinandez.com\/blog\/wp-json\/wp\/v2\/tags?post=11289"}],"curies":[{"name":"wp","href":"https:\/\/api.w.org\/{rel}","templated":true}]}}