{"id":11264,"date":"2023-01-20T18:59:52","date_gmt":"2023-01-20T17:59:52","guid":{"rendered":"https:\/\/www.chavinandez.com\/blog\/?p=11264"},"modified":"2023-01-20T22:33:13","modified_gmt":"2023-01-20T21:33:13","slug":"proyeccion-de-el-paisaje-del-olivar-en-el-castillo-de-ainsa","status":"publish","type":"post","link":"https:\/\/www.chavinandez.com\/blog\/proyeccion-de-el-paisaje-del-olivar-en-el-castillo-de-ainsa\/","title":{"rendered":"Proyecci\u00f3n de &#8220;El Paisaje del Olivar&#8221; en el Castillo de A\u00ednsa"},"content":{"rendered":"\n<p>Este a\u00f1o durante la celebraci\u00f3n de la <strong>Ferieta de A\u00ednsa<\/strong> el pr\u00f3ximo s\u00e1bado 4 de febrero tendr\u00e1 lugar la proyecci\u00f3n del documental <strong>&#8220;<a rel=\"noreferrer noopener\" href=\"http:\/\/www.elpaisajedelolivar.com\" target=\"_blank\">El Paisaje del Olivar<\/a>&#8220;<\/strong> grabado y rodado entre otras localidades en la villa de A\u00ednsa y en el que particip\u00f3 Jos\u00e9 Antonio Murillo, persona muy querida y apreciada, desgraciadamente ya fallecida y que fue director de las ferias del Ayuntamiento de A\u00ednsa en la Comarca de Sobrarbe y que plasm\u00f3 con una breve pero precisa entrevista, las oportunidades del producto local y la importancia de la calidad del aceite para atraer el turismo gastron\u00f3mico.<\/p>\n\n\n\n<p>La entrada es gratuita hasta completar el aforo y se proyectar\u00e1 en la Torre del Homenaje del Castillo de A\u00ednsa el s\u00e1bado 4 a las 13h.<\/p>\n\n\n\n<p>Para quienes no puedan acudir a la proyecci\u00f3n, el documental tambi\u00e9n se puede alquilar y ver en internet en Espa\u00f1a en video streaming bajo demanda aqu\u00ed; <a rel=\"noreferrer noopener\" href=\"http:\/\/www.elpaisajedelolivar.com\" target=\"_blank\">www.elpaisajedelolivar.com<\/a><\/p>\n\n\n\n<figure class=\"wp-block-image size-large\"><a href=\"https:\/\/www.chavinandez.com\/blog\/wp-content\/uploads\/2023\/01\/CARTEL-PRESENTACION-AINSA-4FEB2023-BLOG.jpg\"><img loading=\"lazy\" decoding=\"async\" width=\"1024\" height=\"576\" src=\"https:\/\/www.chavinandez.com\/blog\/wp-content\/uploads\/2023\/01\/CARTEL-PRESENTACION-AINSA-4FEB2023-BLOG-1024x576.jpg\" alt=\"\" class=\"wp-image-11265\" srcset=\"https:\/\/www.chavinandez.com\/blog\/wp-content\/uploads\/2023\/01\/CARTEL-PRESENTACION-AINSA-4FEB2023-BLOG-1024x576.jpg 1024w, https:\/\/www.chavinandez.com\/blog\/wp-content\/uploads\/2023\/01\/CARTEL-PRESENTACION-AINSA-4FEB2023-BLOG-480x270.jpg 480w, https:\/\/www.chavinandez.com\/blog\/wp-content\/uploads\/2023\/01\/CARTEL-PRESENTACION-AINSA-4FEB2023-BLOG-200x113.jpg 200w, https:\/\/www.chavinandez.com\/blog\/wp-content\/uploads\/2023\/01\/CARTEL-PRESENTACION-AINSA-4FEB2023-BLOG-768x432.jpg 768w, https:\/\/www.chavinandez.com\/blog\/wp-content\/uploads\/2023\/01\/CARTEL-PRESENTACION-AINSA-4FEB2023-BLOG-1536x864.jpg 1536w, https:\/\/www.chavinandez.com\/blog\/wp-content\/uploads\/2023\/01\/CARTEL-PRESENTACION-AINSA-4FEB2023-BLOG-2048x1153.jpg 2048w, https:\/\/www.chavinandez.com\/blog\/wp-content\/uploads\/2023\/01\/CARTEL-PRESENTACION-AINSA-4FEB2023-BLOG-700x393.jpg 700w, https:\/\/www.chavinandez.com\/blog\/wp-content\/uploads\/2023\/01\/CARTEL-PRESENTACION-AINSA-4FEB2023-BLOG-332x187.jpg 332w\" sizes=\"auto, (max-width: 1024px) 100vw, 1024px\" \/><\/a><\/figure>\n","protected":false},"excerpt":{"rendered":"<p>Este a\u00f1o durante la celebraci\u00f3n de la Ferieta de A\u00ednsa el pr\u00f3ximo s\u00e1bado 4 de febrero tendr\u00e1 lugar la proyecci\u00f3n del documental &#8220;El Paisaje del Olivar&#8220; grabado y rodado entre otras localidades en la villa de A\u00ednsa y en el que particip\u00f3 Jos\u00e9 Antonio Murillo, persona muy querida y apreciada, &#8230;<\/p>\n","protected":false},"author":1,"featured_media":11265,"comment_status":"closed","ping_status":"closed","sticky":false,"template":"","format":"standard","meta":{"footnotes":""},"categories":[2662,3078,3142,53,7,356,11,3],"tags":[137,2855,3114,3098,157,3295,666,3207],"class_list":["post-11264","post","type-post","status-publish","format-standard","has-post-thumbnail","hentry","category-agricultura","category-agroalimentacion","category-aragon","category-documental","category-experiencias","category-novedades","category-httpwwwlabatiruralcomwordpress","category-videos","tag-ainsa","tag-aragon-2","tag-documental-el-paisaje-del-olivar","tag-el-paisaje-del-olivar","tag-huesca","tag-jose-antonio-murillo","tag-sobrarbe","tag-spanish-olive-grove","column","threecol","has-thumbnail"],"_links":{"self":[{"href":"https:\/\/www.chavinandez.com\/blog\/wp-json\/wp\/v2\/posts\/11264","targetHints":{"allow":["GET"]}}],"collection":[{"href":"https:\/\/www.chavinandez.com\/blog\/wp-json\/wp\/v2\/posts"}],"about":[{"href":"https:\/\/www.chavinandez.com\/blog\/wp-json\/wp\/v2\/types\/post"}],"author":[{"embeddable":true,"href":"https:\/\/www.chavinandez.com\/blog\/wp-json\/wp\/v2\/users\/1"}],"replies":[{"embeddable":true,"href":"https:\/\/www.chavinandez.com\/blog\/wp-json\/wp\/v2\/comments?post=11264"}],"version-history":[{"count":6,"href":"https:\/\/www.chavinandez.com\/blog\/wp-json\/wp\/v2\/posts\/11264\/revisions"}],"predecessor-version":[{"id":11273,"href":"https:\/\/www.chavinandez.com\/blog\/wp-json\/wp\/v2\/posts\/11264\/revisions\/11273"}],"wp:featuredmedia":[{"embeddable":true,"href":"https:\/\/www.chavinandez.com\/blog\/wp-json\/wp\/v2\/media\/11265"}],"wp:attachment":[{"href":"https:\/\/www.chavinandez.com\/blog\/wp-json\/wp\/v2\/media?parent=11264"}],"wp:term":[{"taxonomy":"category","embeddable":true,"href":"https:\/\/www.chavinandez.com\/blog\/wp-json\/wp\/v2\/categories?post=11264"},{"taxonomy":"post_tag","embeddable":true,"href":"https:\/\/www.chavinandez.com\/blog\/wp-json\/wp\/v2\/tags?post=11264"}],"curies":[{"name":"wp","href":"https:\/\/api.w.org\/{rel}","templated":true}]}}