{"id":11198,"date":"2023-01-15T20:42:37","date_gmt":"2023-01-15T19:42:37","guid":{"rendered":"https:\/\/www.chavinandez.com\/blog\/?p=11198"},"modified":"2023-01-19T16:13:16","modified_gmt":"2023-01-19T15:13:16","slug":"el-encuentro-cordobes-con-la-imagen-ya-tiene-fecha","status":"publish","type":"post","link":"https:\/\/www.chavinandez.com\/blog\/el-encuentro-cordobes-con-la-imagen-ya-tiene-fecha\/","title":{"rendered":"El encuentro cordob\u00e9s con la imagen, ya tiene fecha"},"content":{"rendered":"\n<figure class=\"wp-block-image size-full\"><a href=\"https:\/\/www.chavinandez.com\/blog\/wp-content\/uploads\/2023\/01\/WhatsApp-Image-2023-01-15-at-19.50.33.jpeg\"><img loading=\"lazy\" decoding=\"async\" width=\"1700\" height=\"1014\" src=\"https:\/\/www.chavinandez.com\/blog\/wp-content\/uploads\/2023\/01\/WhatsApp-Image-2023-01-15-at-19.50.33.jpeg\" alt=\"\" class=\"wp-image-11200\" srcset=\"https:\/\/www.chavinandez.com\/blog\/wp-content\/uploads\/2023\/01\/WhatsApp-Image-2023-01-15-at-19.50.33.jpeg 1700w, https:\/\/www.chavinandez.com\/blog\/wp-content\/uploads\/2023\/01\/WhatsApp-Image-2023-01-15-at-19.50.33-480x286.jpeg 480w, https:\/\/www.chavinandez.com\/blog\/wp-content\/uploads\/2023\/01\/WhatsApp-Image-2023-01-15-at-19.50.33-1024x611.jpeg 1024w, https:\/\/www.chavinandez.com\/blog\/wp-content\/uploads\/2023\/01\/WhatsApp-Image-2023-01-15-at-19.50.33-200x119.jpeg 200w, https:\/\/www.chavinandez.com\/blog\/wp-content\/uploads\/2023\/01\/WhatsApp-Image-2023-01-15-at-19.50.33-768x458.jpeg 768w, https:\/\/www.chavinandez.com\/blog\/wp-content\/uploads\/2023\/01\/WhatsApp-Image-2023-01-15-at-19.50.33-1536x916.jpeg 1536w, https:\/\/www.chavinandez.com\/blog\/wp-content\/uploads\/2023\/01\/WhatsApp-Image-2023-01-15-at-19.50.33-700x418.jpeg 700w, https:\/\/www.chavinandez.com\/blog\/wp-content\/uploads\/2023\/01\/WhatsApp-Image-2023-01-15-at-19.50.33-332x198.jpeg 332w\" sizes=\"auto, (max-width: 1700px) 100vw, 1700px\" \/><\/a><\/figure>\n\n\n\n<p><\/p>\n\n\n\n<p>En unos meses estaremos en la XVIII Bienal Internacional de Fotograf\u00eda de C\u00f3rdoba, para poder disfrutar de la programaci\u00f3n que AFOCO, la Asociaci\u00f3n de Fotograf\u00eda de C\u00f3rdoba, ha preparado para esta edici\u00f3n. <\/p>\n\n\n\n<p>Dos meses de actividades entre las que habr\u00e1 exposiciones, conferencias, talleres y cine que son epicentro para la cultura de la imagen tanto aqu\u00ed en Espa\u00f1a como referencia fuera de nuestro pa\u00eds.<\/p>\n\n\n\n<p>S\u00f3lo podemos estar orgullosos y muy contentos de estrenar all\u00ed tambi\u00e9n nuestro documental &#8220;<strong><a rel=\"noreferrer noopener\" href=\"https:\/\/youtube.com\/playlist?list=PLGMeDfbE41RVp56j_417K0F_Q8Ah7KL1C\" target=\"_blank\">El Caballo Espa\u00f1ol, el origen<\/a><\/strong>&#8221; en la ciudad que es igualmente protagonista indiscutible del documental etnogr\u00e1fico que repasa la historia y or\u00edgenes del caballo. Tambi\u00e9n la relaci\u00f3n de \u00e9ste con la ciudad andaluza y las Caballerizas Reales, as\u00ed como los ganaderos que forjaron esa raza, y que es desvelada por algunos ilustres historiadores de diferentes procedencias en la cinta.<\/p>\n\n\n\n<p>El documental que no ha contado con ayudas ni financiaci\u00f3n institucional, \u00fanicamente con apoyos de mecenas particulares y nosotros como la propia productora, <strong><a rel=\"noreferrer noopener\" href=\"https:\/\/sede.mcu.gob.es\/CatalogoICAA\/Peliculas\/Detalle?Pelicula=136421\" target=\"_blank\">F.J.F<\/a><\/strong><strong><a rel=\"noreferrer noopener\" href=\"https:\/\/sede.mcu.gob.es\/CatalogoICAA\/Peliculas\/Detalle?Pelicula=136421\" target=\"_blank\">. Bordonada<\/a><\/strong> , cuenta con el testimonio in\u00e9dito de algunos de los grandes conocedores del mundo ecuestre y de referencia que narran a lo largo del documental esa relaci\u00f3n \u00edntima y esa vocaci\u00f3n en su d\u00eda a d\u00eda con el caballo.<\/p>\n","protected":false},"excerpt":{"rendered":"<p>En unos meses estaremos en la XVIII Bienal Internacional de Fotograf\u00eda de C\u00f3rdoba, para poder disfrutar de la programaci\u00f3n que AFOCO, la Asociaci\u00f3n de Fotograf\u00eda de C\u00f3rdoba, ha preparado para esta edici\u00f3n. Dos meses de actividades entre las que habr\u00e1 exposiciones, conferencias, talleres y cine que son epicentro para la &#8230;<\/p>\n","protected":false},"author":1,"featured_media":11200,"comment_status":"closed","ping_status":"closed","sticky":false,"template":"","format":"standard","meta":{"footnotes":""},"categories":[53,305,3191,1,9,356,23,223,3],"tags":[3293,2450,3092,2114,3217,3292,3291,3290],"class_list":["post-11198","post","type-post","status-publish","format-standard","has-post-thumbnail","hentry","category-documental","category-exposiciones","category-festivales-de-cine","category-general","category-imagenes","category-novedades","category-promocion","category-reportajes","category-videos","tag-afoco","tag-bienal-de-cordoba","tag-cordoba-2","tag-documental","tag-el-caballo-espanol","tag-filmoteca-andaluza","tag-fotografia-en-cordoba","tag-xvii-bienal-de-cordoba","column","threecol","has-thumbnail"],"_links":{"self":[{"href":"https:\/\/www.chavinandez.com\/blog\/wp-json\/wp\/v2\/posts\/11198","targetHints":{"allow":["GET"]}}],"collection":[{"href":"https:\/\/www.chavinandez.com\/blog\/wp-json\/wp\/v2\/posts"}],"about":[{"href":"https:\/\/www.chavinandez.com\/blog\/wp-json\/wp\/v2\/types\/post"}],"author":[{"embeddable":true,"href":"https:\/\/www.chavinandez.com\/blog\/wp-json\/wp\/v2\/users\/1"}],"replies":[{"embeddable":true,"href":"https:\/\/www.chavinandez.com\/blog\/wp-json\/wp\/v2\/comments?post=11198"}],"version-history":[{"count":10,"href":"https:\/\/www.chavinandez.com\/blog\/wp-json\/wp\/v2\/posts\/11198\/revisions"}],"predecessor-version":[{"id":11214,"href":"https:\/\/www.chavinandez.com\/blog\/wp-json\/wp\/v2\/posts\/11198\/revisions\/11214"}],"wp:featuredmedia":[{"embeddable":true,"href":"https:\/\/www.chavinandez.com\/blog\/wp-json\/wp\/v2\/media\/11200"}],"wp:attachment":[{"href":"https:\/\/www.chavinandez.com\/blog\/wp-json\/wp\/v2\/media?parent=11198"}],"wp:term":[{"taxonomy":"category","embeddable":true,"href":"https:\/\/www.chavinandez.com\/blog\/wp-json\/wp\/v2\/categories?post=11198"},{"taxonomy":"post_tag","embeddable":true,"href":"https:\/\/www.chavinandez.com\/blog\/wp-json\/wp\/v2\/tags?post=11198"}],"curies":[{"name":"wp","href":"https:\/\/api.w.org\/{rel}","templated":true}]}}