{"id":11156,"date":"2022-10-26T20:26:31","date_gmt":"2022-10-26T19:26:31","guid":{"rendered":"https:\/\/www.chavinandez.com\/blog\/?p=11156"},"modified":"2022-10-27T06:42:41","modified_gmt":"2022-10-27T05:42:41","slug":"madrid-ciudad-abierta-ya-a-la-venta","status":"publish","type":"post","link":"https:\/\/www.chavinandez.com\/blog\/madrid-ciudad-abierta-ya-a-la-venta\/","title":{"rendered":"Madrid, ciudad abierta. Ya a la venta en librer\u00edas"},"content":{"rendered":"\n<figure class=\"wp-block-image size-full is-resized\"><a href=\"https:\/\/www.chavinandez.com\/blog\/wp-content\/uploads\/2022\/10\/M-Ciudad-AbiertaW.jpg\"><img loading=\"lazy\" decoding=\"async\" src=\"https:\/\/www.chavinandez.com\/blog\/wp-content\/uploads\/2022\/10\/M-Ciudad-AbiertaW.jpg\" alt=\"\" class=\"wp-image-11157\" width=\"426\" height=\"333\" srcset=\"https:\/\/www.chavinandez.com\/blog\/wp-content\/uploads\/2022\/10\/M-Ciudad-AbiertaW.jpg 283w, https:\/\/www.chavinandez.com\/blog\/wp-content\/uploads\/2022\/10\/M-Ciudad-AbiertaW-192x150.jpg 192w\" sizes=\"auto, (max-width: 426px) 100vw, 426px\" \/><\/a><figcaption>Mucha ilusi\u00f3n con este proyecto que al fin sale a la luz despu\u00e9s de mucho tiempo y del infinito esfuerzo de Sebasti\u00e1n Miguel y Ediciones La Librer\u00eda. Enhorabuena a ellos principalmente y gracias a Jos\u00e9 Luis Mur de Fotocasi\u00f3n por el pr\u00f3logo de esta publicaci\u00f3n de fotograf\u00eda con im\u00e1genes in\u00e9ditas del Madrid de ayer y hoy.<\/figcaption><\/figure>\n\n\n\n<p>Ya a la venta en librer\u00edas y directamente <a rel=\"noreferrer noopener\" href=\"https:\/\/edicioneslalibreria.com\/tienda\/madrid-ciudad-abierta-madrid-an-open-city\/\" target=\"_blank\">aqu\u00ed<\/a> en la editorial.<\/p>\n\n\n\n<p><\/p>\n","protected":false},"excerpt":{"rendered":"<p>Ya a la venta en librer\u00edas y directamente aqu\u00ed en la editorial.<\/p>\n","protected":false},"author":1,"featured_media":11157,"comment_status":"closed","ping_status":"closed","sticky":false,"template":"","format":"standard","meta":{"footnotes":""},"categories":[1],"tags":[3280,648,2112,3283,878,3282,3281],"class_list":["post-11156","post","type-post","status-publish","format-standard","has-post-thumbnail","hentry","category-general","tag-ciudad-abierta","tag-fotografia-de-madrid","tag-libros","tag-libros-de-madrid-actual","tag-madrid","tag-madrid-fotografia-2","tag-madrid-libros","column","threecol","has-thumbnail"],"_links":{"self":[{"href":"https:\/\/www.chavinandez.com\/blog\/wp-json\/wp\/v2\/posts\/11156","targetHints":{"allow":["GET"]}}],"collection":[{"href":"https:\/\/www.chavinandez.com\/blog\/wp-json\/wp\/v2\/posts"}],"about":[{"href":"https:\/\/www.chavinandez.com\/blog\/wp-json\/wp\/v2\/types\/post"}],"author":[{"embeddable":true,"href":"https:\/\/www.chavinandez.com\/blog\/wp-json\/wp\/v2\/users\/1"}],"replies":[{"embeddable":true,"href":"https:\/\/www.chavinandez.com\/blog\/wp-json\/wp\/v2\/comments?post=11156"}],"version-history":[{"count":5,"href":"https:\/\/www.chavinandez.com\/blog\/wp-json\/wp\/v2\/posts\/11156\/revisions"}],"predecessor-version":[{"id":11161,"href":"https:\/\/www.chavinandez.com\/blog\/wp-json\/wp\/v2\/posts\/11156\/revisions\/11161"}],"wp:featuredmedia":[{"embeddable":true,"href":"https:\/\/www.chavinandez.com\/blog\/wp-json\/wp\/v2\/media\/11157"}],"wp:attachment":[{"href":"https:\/\/www.chavinandez.com\/blog\/wp-json\/wp\/v2\/media?parent=11156"}],"wp:term":[{"taxonomy":"category","embeddable":true,"href":"https:\/\/www.chavinandez.com\/blog\/wp-json\/wp\/v2\/categories?post=11156"},{"taxonomy":"post_tag","embeddable":true,"href":"https:\/\/www.chavinandez.com\/blog\/wp-json\/wp\/v2\/tags?post=11156"}],"curies":[{"name":"wp","href":"https:\/\/api.w.org\/{rel}","templated":true}]}}