{"id":11004,"date":"2022-09-29T18:44:11","date_gmt":"2022-09-29T17:44:11","guid":{"rendered":"https:\/\/www.chavinandez.com\/blog\/?p=11004"},"modified":"2022-09-29T20:53:17","modified_gmt":"2022-09-29T19:53:17","slug":"la-visita-de-felipe-ii-a-cordoba-la-gran-fabrica-de-andalucia","status":"publish","type":"post","link":"https:\/\/www.chavinandez.com\/blog\/la-visita-de-felipe-ii-a-cordoba-la-gran-fabrica-de-andalucia\/","title":{"rendered":"La visita de Felipe II a C\u00f3rdoba, \u201cla gran f\u00e1brica de Andaluc\u00eda\u201d"},"content":{"rendered":"\n<figure class=\"wp-block-embed is-type-video is-provider-vimeo wp-block-embed-vimeo wp-embed-aspect-16-9 wp-has-aspect-ratio\"><div class=\"wp-block-embed__wrapper\">\n<iframe loading=\"lazy\" title=\"EL CABALLO ESPA\u00d1OL, EL ORIGEN- RAFAEL M. GIR\u00d3N -TRAILER\" src=\"https:\/\/player.vimeo.com\/video\/755210861?dnt=1&amp;app_id=122963\" width=\"660\" height=\"371\" frameborder=\"0\" allow=\"autoplay; fullscreen; picture-in-picture; clipboard-write\"><\/iframe>\n<\/div><\/figure>\n\n\n\n<p>Parte del argumento de nuestro documental &#8220;<strong><a rel=\"noreferrer noopener\" href=\"https:\/\/vimeo.com\/showcase\/9555950\" target=\"_blank\">El Caballo espa\u00f1ol, el origen<\/a><\/strong>&#8221; tiene mucho que ver con la C\u00f3rdoba de los siglos XIV al XVII. Gracias al incansable trabajo desde el equipo de investigaci\u00f3n de la Universidad de C\u00f3rdoba (UCO) y del archivo <em>Hist\u00f3rico Provincial de C\u00f3rdoba<\/em>, hoy conocemos algunos testimonios in\u00e9ditos y documentos clave que nos permiten reescribir la historia mucho mejor que hasta ahora.<\/p>\n\n\n\n<p>La exposici\u00f3n &#8216;<em>C\u00f3rdoba, capital de un imperio. La visita de Felipe II en 1570<\/em>&#8216; ha sido inaugurada esta misma semana en el edificio del Archivo Hist\u00f3rico Provincial de la calle Pompeyos del centro de la ciudad de C\u00f3rdoba y es sin duda una muestra fant\u00e1stica para descubrir un poco m\u00e1s de esa historia.<\/p>\n\n\n\n<p>Nosotros tambi\u00e9n queremos seguir mostr\u00e1ndote pinceladas a trav\u00e9s de los trailers de nuestro documental y del rodaje, aprovechando para recordarte que es un proyecto solidario y esta desarrollado de manera altruista por gente que cree que es mejor crear mensajes que emocionen a trav\u00e9s del cine. Tambi\u00e9n dedicar esfuerzo a contar la historia  gracias a quienes mejor la conocen.<\/p>\n\n\n\n<p>Si quieres ver m\u00e1s informaci\u00f3n y c\u00f3mo apoyarnos puedes hacerlo desde aqu\u00ed:<br \/><a href=\"https:\/\/www.chavinandez.com\/blog\/?p=10782\">https:\/\/www.chavinandez.com\/blog\/?p=10782<\/a><\/p>\n\n\n\n<p>o bien puedes CONTACTAR a trav\u00e9s de<br \/>Zoom o WhatsApp +34 619703569<br \/>Francisco Javier Fern\u00e1ndez Bordonada<br \/>e-mail: chavinandez@gmail.com<\/p>\n\n\n\n<p>Mientras, s\u00edguenos en las Redes sociales;<br \/>INSTAGRAM<br \/><a href=\"https:\/\/www.instagram.com\/chavinandezphoto\/\" target=\"_blank\" rel=\"noreferrer noopener\">instagram.com\/chavinandezphoto\/<\/a><\/p>\n\n\n\n<p>FACEBOOK<br \/><a href=\"https:\/\/www.facebook.com\/Documental-El-Caballo-Espa%C3%B1ol-103654015655168\" target=\"_blank\" rel=\"noreferrer noopener\">facebook.com\/Documental-El-Caballo-Espa%C3%B1ol-103654015655168<\/a><\/p>\n\n\n\n<p>YOUTUBE<br \/><a href=\"https:\/\/www.youtube.com\/channel\/UCdX6WOa4lWa7ps-y3X7mpmw\" target=\"_blank\" rel=\"noreferrer noopener\">youtube.com\/channel\/UCdX6WOa4lWa7ps-y3X7mpmw<\/a><\/p>\n","protected":false},"excerpt":{"rendered":"<p>Parte del argumento de nuestro documental &#8220;El Caballo espa\u00f1ol, el origen&#8221; tiene mucho que ver con la C\u00f3rdoba de los siglos XIV al XVII. Gracias al incansable trabajo desde el equipo de investigaci\u00f3n de la Universidad de C\u00f3rdoba (UCO) y del archivo Hist\u00f3rico Provincial de C\u00f3rdoba, hoy conocemos algunos testimonios &#8230;<\/p>\n","protected":false},"author":1,"featured_media":11008,"comment_status":"closed","ping_status":"closed","sticky":false,"template":"","format":"standard","meta":{"footnotes":""},"categories":[2662,53,305,356,23,223,11,3],"tags":[3092,2114,3217,3274,3275,3276],"class_list":["post-11004","post","type-post","status-publish","format-standard","has-post-thumbnail","hentry","category-agricultura","category-documental","category-exposiciones","category-novedades","category-promocion","category-reportajes","category-httpwwwlabatiruralcomwordpress","category-videos","tag-cordoba-2","tag-documental","tag-el-caballo-espanol","tag-felipe-ii","tag-historia","tag-trailers","column","threecol","has-thumbnail"],"_links":{"self":[{"href":"https:\/\/www.chavinandez.com\/blog\/wp-json\/wp\/v2\/posts\/11004","targetHints":{"allow":["GET"]}}],"collection":[{"href":"https:\/\/www.chavinandez.com\/blog\/wp-json\/wp\/v2\/posts"}],"about":[{"href":"https:\/\/www.chavinandez.com\/blog\/wp-json\/wp\/v2\/types\/post"}],"author":[{"embeddable":true,"href":"https:\/\/www.chavinandez.com\/blog\/wp-json\/wp\/v2\/users\/1"}],"replies":[{"embeddable":true,"href":"https:\/\/www.chavinandez.com\/blog\/wp-json\/wp\/v2\/comments?post=11004"}],"version-history":[{"count":6,"href":"https:\/\/www.chavinandez.com\/blog\/wp-json\/wp\/v2\/posts\/11004\/revisions"}],"predecessor-version":[{"id":11013,"href":"https:\/\/www.chavinandez.com\/blog\/wp-json\/wp\/v2\/posts\/11004\/revisions\/11013"}],"wp:featuredmedia":[{"embeddable":true,"href":"https:\/\/www.chavinandez.com\/blog\/wp-json\/wp\/v2\/media\/11008"}],"wp:attachment":[{"href":"https:\/\/www.chavinandez.com\/blog\/wp-json\/wp\/v2\/media?parent=11004"}],"wp:term":[{"taxonomy":"category","embeddable":true,"href":"https:\/\/www.chavinandez.com\/blog\/wp-json\/wp\/v2\/categories?post=11004"},{"taxonomy":"post_tag","embeddable":true,"href":"https:\/\/www.chavinandez.com\/blog\/wp-json\/wp\/v2\/tags?post=11004"}],"curies":[{"name":"wp","href":"https:\/\/api.w.org\/{rel}","templated":true}]}}