{"id":10985,"date":"2022-09-13T20:08:56","date_gmt":"2022-09-13T19:08:56","guid":{"rendered":"https:\/\/www.chavinandez.com\/blog\/?p=10985"},"modified":"2022-09-13T20:08:56","modified_gmt":"2022-09-13T19:08:56","slug":"devolverle-todo-lo-que-han-hecho-por-nosotros","status":"publish","type":"post","link":"https:\/\/www.chavinandez.com\/blog\/devolverle-todo-lo-que-han-hecho-por-nosotros\/","title":{"rendered":"Devolverle todo lo que han hecho por nosotros"},"content":{"rendered":"\n<p>La \u00faltima entrevista de nuestro documental quer\u00edamos acompa\u00f1ar al caballo espa\u00f1ol y sus compa\u00f1eros en su jubilaci\u00f3n.<\/p>\n\n\n\n<p>La residencia La Corona en Sant Quirze de Safaja, Barcelona, es probablemente a nivel europeo un para\u00edso \u00fanico, en donde el caballo retirado o en descanso recupera su estilo de vida ancestral, en libertad, gozando as\u00ed de gran bienestar f\u00edsico y ps\u00edquico en manada.<\/p>\n\n\n\n<p>Sonsoles Letang y Paul trabajan muy duro desde hace a\u00f1os para hacer posible ese sue\u00f1o y homenaje merecido con el cuidado de los caballos adultos que residen all\u00ed. <\/p>\n\n\n\n<figure class=\"wp-block-embed is-type-video is-provider-vimeo wp-block-embed-vimeo wp-embed-aspect-16-9 wp-has-aspect-ratio\"><div class=\"wp-block-embed__wrapper\">\n<iframe loading=\"lazy\" title=\"EL CABALLO ESPA\u00d1OL, EL ORIGEN, TR\u00c1ILER - SONSOLES LETANG, LA CORONA\" src=\"https:\/\/player.vimeo.com\/video\/749289441?dnt=1&amp;app_id=122963\" width=\"660\" height=\"371\" frameborder=\"0\" allow=\"autoplay; fullscreen; picture-in-picture; clipboard-write\"><\/iframe>\n<\/div><\/figure>\n\n\n\n<p>Tal como desprende este mini trailer de la entrevista con Sonsoles, &#8220;Le debemos algo a quien durante siglos ha sido y es compa\u00f1ero de faenas&#8221; y la sociedad del siglo XXI cada vez m\u00e1s preocupada con el bienestar animal lo sabe. Todos los animales se merecen nuestro respeto y cari\u00f1o. El Caballo tambi\u00e9n.<\/p>\n\n\n\n<p>Este tr\u00e1iler al igual que cada uno de los anteriores, son peque\u00f1as pinceladas de un documental que te va encantar y del que adem\u00e1s tambi\u00e9n puedes ser productor asociado o mecenas, patrocinador o sponsor. <\/p>\n\n\n\n<p>Este proyecto solidario esta desarrollado de manera altruista por gente que cree que es m\u00e1s f\u00e1cil cambiar el mundo con mensajes que emocionen a trav\u00e9s del cine y las historias que nos importan. <\/p>\n\n\n\n<p>Si quieres ver m\u00e1s informaci\u00f3n y c\u00f3mo apoyarnos puedes hacerlo desde aqu\u00ed:<br \/><a href=\"https:\/\/www.chavinandez.com\/blog\/?p=10782\">https:\/\/www.chavinandez.com\/blog\/?p=10782<\/a><\/p>\n\n\n\n<p>o bien puedes CONTACTAR a trav\u00e9s de<br \/>Zoom o WhatsApp +34 619703569<br \/>Francisco Javier Fern\u00e1ndez Bordonada<br \/>e-mail: chavinandez@gmail.com<\/p>\n\n\n\n<p>Mientras, s\u00edguenos en las Redes sociales;<br \/>INSTAGRAM<br \/><a href=\"https:\/\/www.instagram.com\/chavinandezphoto\/\" target=\"_blank\" rel=\"noreferrer noopener\">instagram.com\/chavinandezphoto\/<\/a><\/p>\n\n\n\n<p>FACEBOOK<br \/><a href=\"https:\/\/www.facebook.com\/Documental-El-Caballo-Espa%C3%B1ol-103654015655168\" target=\"_blank\" rel=\"noreferrer noopener\">facebook.com\/Documental-El-Caballo-Espa%C3%B1ol-103654015655168<\/a><\/p>\n\n\n\n<p>YOUTUBE<br \/><a href=\"https:\/\/www.youtube.com\/channel\/UCdX6WOa4lWa7ps-y3X7mpmw\" target=\"_blank\" rel=\"noreferrer noopener\">youtube.com\/channel\/UCdX6WOa4lWa7ps-y3X7mpmw<\/a><\/p>\n","protected":false},"excerpt":{"rendered":"<p>La \u00faltima entrevista de nuestro documental quer\u00edamos acompa\u00f1ar al caballo espa\u00f1ol y sus compa\u00f1eros en su jubilaci\u00f3n. La residencia La Corona en Sant Quirze de Safaja, Barcelona, es probablemente a nivel europeo un para\u00edso \u00fanico, en donde el caballo retirado o en descanso recupera su estilo de vida ancestral, en &#8230;<\/p>\n","protected":false},"author":1,"featured_media":10986,"comment_status":"closed","ping_status":"closed","sticky":false,"template":"","format":"standard","meta":{"footnotes":""},"categories":[2662,53,2483,356,23,223,3],"tags":[193,3273,3217,3272,3271,1630],"class_list":["post-10985","post","type-post","status-publish","format-standard","has-post-thumbnail","hentry","category-agricultura","category-documental","category-filmacion","category-novedades","category-promocion","category-reportajes","category-videos","tag-barcelona","tag-documentary","tag-el-caballo-espanol","tag-residencia-la-corona","tag-sant-quirze","tag-spanish-horse","column","threecol","has-thumbnail"],"_links":{"self":[{"href":"https:\/\/www.chavinandez.com\/blog\/wp-json\/wp\/v2\/posts\/10985","targetHints":{"allow":["GET"]}}],"collection":[{"href":"https:\/\/www.chavinandez.com\/blog\/wp-json\/wp\/v2\/posts"}],"about":[{"href":"https:\/\/www.chavinandez.com\/blog\/wp-json\/wp\/v2\/types\/post"}],"author":[{"embeddable":true,"href":"https:\/\/www.chavinandez.com\/blog\/wp-json\/wp\/v2\/users\/1"}],"replies":[{"embeddable":true,"href":"https:\/\/www.chavinandez.com\/blog\/wp-json\/wp\/v2\/comments?post=10985"}],"version-history":[{"count":1,"href":"https:\/\/www.chavinandez.com\/blog\/wp-json\/wp\/v2\/posts\/10985\/revisions"}],"predecessor-version":[{"id":10987,"href":"https:\/\/www.chavinandez.com\/blog\/wp-json\/wp\/v2\/posts\/10985\/revisions\/10987"}],"wp:featuredmedia":[{"embeddable":true,"href":"https:\/\/www.chavinandez.com\/blog\/wp-json\/wp\/v2\/media\/10986"}],"wp:attachment":[{"href":"https:\/\/www.chavinandez.com\/blog\/wp-json\/wp\/v2\/media?parent=10985"}],"wp:term":[{"taxonomy":"category","embeddable":true,"href":"https:\/\/www.chavinandez.com\/blog\/wp-json\/wp\/v2\/categories?post=10985"},{"taxonomy":"post_tag","embeddable":true,"href":"https:\/\/www.chavinandez.com\/blog\/wp-json\/wp\/v2\/tags?post=10985"}],"curies":[{"name":"wp","href":"https:\/\/api.w.org\/{rel}","templated":true}]}}