{"id":10944,"date":"2022-08-29T09:38:00","date_gmt":"2022-08-29T08:38:00","guid":{"rendered":"https:\/\/www.chavinandez.com\/blog\/?p=10944"},"modified":"2022-08-30T13:44:51","modified_gmt":"2022-08-30T12:44:51","slug":"aceites-vizcantar-nuevo-patrocinador-honorifico-y-sponsor-de-el-paisaje-del-olivar","status":"publish","type":"post","link":"https:\/\/www.chavinandez.com\/blog\/aceites-vizcantar-nuevo-patrocinador-honorifico-y-sponsor-de-el-paisaje-del-olivar\/","title":{"rendered":"Aceites Vizc\u00e1ntar nuevo patrocinador honor\u00edfico y sponsor de &#8220;El Paisaje del Olivar&#8221;"},"content":{"rendered":"<div class=\"wp-block-image\">\n<figure class=\"alignleft size-full\"><a href=\"https:\/\/www.chavinandez.com\/blog\/wp-content\/uploads\/2022\/08\/CARTELINGLES-BLOG-SPONSOR.jpg\"><img loading=\"lazy\" decoding=\"async\" width=\"424\" height=\"600\" src=\"https:\/\/www.chavinandez.com\/blog\/wp-content\/uploads\/2022\/08\/CARTELINGLES-BLOG-SPONSOR.jpg\" alt=\"\" class=\"wp-image-10955\" srcset=\"https:\/\/www.chavinandez.com\/blog\/wp-content\/uploads\/2022\/08\/CARTELINGLES-BLOG-SPONSOR.jpg 424w, https:\/\/www.chavinandez.com\/blog\/wp-content\/uploads\/2022\/08\/CARTELINGLES-BLOG-SPONSOR-212x300.jpg 212w, https:\/\/www.chavinandez.com\/blog\/wp-content\/uploads\/2022\/08\/CARTELINGLES-BLOG-SPONSOR-106x150.jpg 106w, https:\/\/www.chavinandez.com\/blog\/wp-content\/uploads\/2022\/08\/CARTELINGLES-BLOG-SPONSOR-332x470.jpg 332w\" sizes=\"auto, (max-width: 424px) 100vw, 424px\" \/><\/a><\/figure>\n<\/div>\n\n\n<p>Terminando el periodo de festivales del documental &#8220;<a rel=\"noreferrer noopener\" href=\"https:\/\/filmfreeway.com\/ElPaisajedelOlivar\" target=\"_blank\"><strong>El Paisaje del Olivar<\/strong><\/a>&#8221; pronto es tiempo de presentar al espectador a trav\u00e9s de plataformas streaming bajo demanda, cadenas y canales tem\u00e1ticos de diferentes televisiones, el largometraje para su emisi\u00f3n desde cualquier rinc\u00f3n del mundo.<\/p>\n\n\n\n<p>Una veintena de premios internacionales son buena carta de presentaci\u00f3n, en su a\u00f1o de festivales a la hora de despertar el inter\u00e9s del p\u00fablico, y que sirven para dar a conocer el paisaje y tradici\u00f3n olivarera espa\u00f1ola y la importancia de preservar el medio rural y su entorno.<\/p>\n\n\n\n<p>Nuestro amigo y colaborador <strong>Ferm\u00edn Rodr\u00edguez<\/strong>, de<strong> <a rel=\"noreferrer noopener\" href=\"https:\/\/aceitesvizcantar.com\/\" target=\"_blank\">Aceites Vizc\u00e1ntar<\/a><\/strong>, gran catador, divulgador y protagonista del documental es adem\u00e1s promotor del olivar tradicional y ecol\u00f3gico, y se convierte en este momento tambi\u00e9n en otro de los patrocinadores y sponsor de dicha producci\u00f3n. <\/p>\n\n\n\n<p>Siguiendo con su filosof\u00eda y apoyo a la difusi\u00f3n del paisaje del olivar y sus gentes, <strong>Ferm\u00edn Rodriguez<\/strong> es conocido por transmitir con pasi\u00f3n la olivicultura a trav\u00e9s de los paseos guiados y <a rel=\"noreferrer noopener\" href=\"https:\/\/vimeo.com\/491356840\" target=\"_blank\"><strong>las catas de aceite en la localidad de Priego de C\u00f3rdoba<\/strong><\/a>, y por sus premiadas selecciones de aceite de oliva virgen extra ecol\u00f3gico que comercializa desde<strong> <a rel=\"noreferrer noopener\" href=\"https:\/\/aceitesvizcantar.com\/\" target=\"_blank\">Aceites Vizc\u00e1ntar<\/a><\/strong> bajo la denominaci\u00f3n de origen de <strong>Priego de C\u00f3rdoba<\/strong>, una de las m\u00e1s reconocidas.<\/p>\n\n\n<div class=\"wp-block-image\">\n<figure class=\"alignright size-full is-resized\"><a href=\"https:\/\/www.chavinandez.com\/blog\/wp-content\/uploads\/2022\/08\/banner_cata.jpg\"><img loading=\"lazy\" decoding=\"async\" src=\"https:\/\/www.chavinandez.com\/blog\/wp-content\/uploads\/2022\/08\/banner_cata.jpg\" alt=\"\" class=\"wp-image-10961\" width=\"450\" height=\"285\" srcset=\"https:\/\/www.chavinandez.com\/blog\/wp-content\/uploads\/2022\/08\/banner_cata.jpg 900w, https:\/\/www.chavinandez.com\/blog\/wp-content\/uploads\/2022\/08\/banner_cata-475x300.jpg 475w, https:\/\/www.chavinandez.com\/blog\/wp-content\/uploads\/2022\/08\/banner_cata-200x126.jpg 200w, https:\/\/www.chavinandez.com\/blog\/wp-content\/uploads\/2022\/08\/banner_cata-768x486.jpg 768w, https:\/\/www.chavinandez.com\/blog\/wp-content\/uploads\/2022\/08\/banner_cata-700x443.jpg 700w, https:\/\/www.chavinandez.com\/blog\/wp-content\/uploads\/2022\/08\/banner_cata-332x210.jpg 332w\" sizes=\"auto, (max-width: 450px) 100vw, 450px\" \/><\/a><\/figure>\n<\/div>\n\n\n<p class=\"has-text-align-left\">El largometraje &#8220;<a rel=\"noreferrer noopener\" href=\"https:\/\/filmfreeway.com\/ElPaisajedelOlivar\" target=\"_blank\"><strong>El Paisaje del Olivar<\/strong><\/a>&#8221; rodado en 2021, recoge la variedad del paisaje e idiosincrasia del medio rural actual comenzando desde el norte de la pen\u00ednsula, con el Sobrarbe, en el Pirineo aragon\u00e9s, pasando por el Somontano de Barbastro, L\u00e9rida, el Bajo Arag\u00f3n, Matarra\u00f1a, Castell\u00f3n, tierras lim\u00edtrofes con Portugal de la provincia de C\u00e1ceres o los campos de Valdepe\u00f1as en Ciudad Real para terminar en el extenso territorio de Andaluc\u00eda y sur de la peninsula ib\u00e9rica. <\/p>\n\n\n\n<p>El objetivo, dar voz al testimonio y el momento que est\u00e1 pasando el agricultor del olivar tradicional, sus grandes retos de futuro, problemas sociales y medioambientales que se presentan. Una muestra de la cultura, tradici\u00f3n que rodea al paisaje del olivar que adem\u00e1s est\u00e1 a las puertas de ser nombrado <strong>Patrimonio de la Unesco en 2023<\/strong> por la candidatura en la lista indicativa presentada por la Diputaci\u00f3n de Ja\u00e9n en 2021.<\/p>\n\n\n\n<p>Seleccionado en diferentes festivales de cine de tem\u00e1tica medioambiental, en este momento participa como uno de los tres largometrajes finalistas en la categor\u00eda &#8220;<strong>Climate Change<\/strong>&#8221; del XI <strong><a rel=\"noreferrer noopener\" href=\"https:\/\/www.vaasa.fi\/en\/see-and-experience\/culture-in-vaasa-and-vaasa-region\/nature-film-festival-vaasa-wildlife\/\" target=\"_blank\">Wildlife Vaasa International Nature film festival<\/a><\/strong> de Finlandia y compite con el estadounidense; \u201c<a rel=\"noreferrer noopener\" href=\"https:\/\/www.imdb.com\/title\/tt13837022\/?ref_=nm_flmg_dr_2\" target=\"_blank\"><strong>Hot Money<\/strong><\/a>\u201d de Susan Kucera y co producido por&nbsp;<a rel=\"noreferrer noopener\" href=\"https:\/\/www.imdb.com\/name\/nm0000313\/?ref_=tt_ov_st\" target=\"_blank\">Jeff Bridges<\/a>&nbsp;y con el documental \u201c<a rel=\"noreferrer noopener\" href=\"https:\/\/vimeo.com\/573089637\" target=\"_blank\"><strong>One world<\/strong><\/a>\u201d de Viviana Uriona desde Alemania.<\/p>\n\n\n\n<p>Gracias al apoyo de personas como Ferm\u00edn, y empresas comprometidas como <strong><a rel=\"noreferrer noopener\" href=\"https:\/\/aceitesvizcantar.com\/\" target=\"_blank\">Aceites Vizc\u00e1ntar<\/a><\/strong> podemos llevar m\u00e1s lejos el mensaje que nos ha tenido durante dos largos a\u00f1os comprometidos con el olivar espa\u00f1ol en la producci\u00f3n propia de este documental de 76 minutos de duraci\u00f3n y que ha recorrido en su primer a\u00f1o 38 pa\u00edses en los que ha sido muy bien acogido. Esperemos que guste ahora en los salones de cada casa en donde se pueda visionar. (<a rel=\"noreferrer noopener\" href=\"https:\/\/filmfreeway.com\/ElPaisajedelOlivar\" target=\"_blank\">Ficha del documental<\/a> en FilmFreeway)<\/p>\n\n\n\n<figure class=\"wp-block-embed is-type-video is-provider-vimeo wp-block-embed-vimeo wp-embed-aspect-16-9 wp-has-aspect-ratio\"><div class=\"wp-block-embed__wrapper\">\n<iframe loading=\"lazy\" title=\"TRAILER- OFICIAL- PRESTRENO - EL PAISAJE DEL OLIVAR\" src=\"https:\/\/player.vimeo.com\/video\/605015375?dnt=1&amp;app_id=122963\" width=\"660\" height=\"371\" frameborder=\"0\" allow=\"autoplay; fullscreen; picture-in-picture; clipboard-write\"><\/iframe>\n<\/div><\/figure>\n","protected":false},"excerpt":{"rendered":"<p>Terminando el periodo de festivales del documental &#8220;El Paisaje del Olivar&#8221; pronto es tiempo de presentar al espectador a trav\u00e9s de plataformas streaming bajo demanda, cadenas y canales tem\u00e1ticos de diferentes televisiones, el largometraje para su emisi\u00f3n desde cualquier rinc\u00f3n del mundo. Una veintena de premios internacionales son buena carta &#8230;<\/p>\n","protected":false},"author":1,"featured_media":10954,"comment_status":"closed","ping_status":"closed","sticky":false,"template":"","format":"standard","meta":{"footnotes":""},"categories":[2662,3078,53,3191,356,3190,23,3],"tags":[3187,3081,3097,3265,3088,3083,3092,3264,3114,3115,3098,3113,3132,3131,3117,3087,3068,3085,3089,3207,3082,3069],"class_list":["post-10944","post","type-post","status-publish","format-standard","has-post-thumbnail","hentry","category-agricultura","category-agroalimentacion","category-documental","category-festivales-de-cine","category-novedades","category-premios","category-promocion","category-videos","tag-el-paisaje-del-olivar-2","tag-aceite-de-oliva-virgen-en-priego-de-cordoba","tag-aceite-de-oliva-virgen-extra","tag-aceites-vizcantar","tag-andalucia-cata-del-aceite","tag-catas-de-aceite-en-cordoba","tag-cordoba-2","tag-do-priego-de-cordoba","tag-documental-el-paisaje-del-olivar","tag-el-paisaje-de-los-olivares","tag-el-paisaje-del-olivar","tag-el-paisaje-del-olivar-documental","tag-el-paisaje-del-olivar-en-andalucia","tag-el-paisaje-del-olivar-en-aragon","tag-jaen-paisaje-del-olivar","tag-la-cata-del-aceite-en-cordoba","tag-priego-de-cordoba-2","tag-priego-de-cordoba-aceite","tag-sierra-de-las-subbeticas","tag-spanish-olive-grove","tag-turismo-en-priego-de-cordoba","tag-turismo-priego-de-cordoba","column","threecol","has-thumbnail"],"_links":{"self":[{"href":"https:\/\/www.chavinandez.com\/blog\/wp-json\/wp\/v2\/posts\/10944","targetHints":{"allow":["GET"]}}],"collection":[{"href":"https:\/\/www.chavinandez.com\/blog\/wp-json\/wp\/v2\/posts"}],"about":[{"href":"https:\/\/www.chavinandez.com\/blog\/wp-json\/wp\/v2\/types\/post"}],"author":[{"embeddable":true,"href":"https:\/\/www.chavinandez.com\/blog\/wp-json\/wp\/v2\/users\/1"}],"replies":[{"embeddable":true,"href":"https:\/\/www.chavinandez.com\/blog\/wp-json\/wp\/v2\/comments?post=10944"}],"version-history":[{"count":25,"href":"https:\/\/www.chavinandez.com\/blog\/wp-json\/wp\/v2\/posts\/10944\/revisions"}],"predecessor-version":[{"id":10978,"href":"https:\/\/www.chavinandez.com\/blog\/wp-json\/wp\/v2\/posts\/10944\/revisions\/10978"}],"wp:featuredmedia":[{"embeddable":true,"href":"https:\/\/www.chavinandez.com\/blog\/wp-json\/wp\/v2\/media\/10954"}],"wp:attachment":[{"href":"https:\/\/www.chavinandez.com\/blog\/wp-json\/wp\/v2\/media?parent=10944"}],"wp:term":[{"taxonomy":"category","embeddable":true,"href":"https:\/\/www.chavinandez.com\/blog\/wp-json\/wp\/v2\/categories?post=10944"},{"taxonomy":"post_tag","embeddable":true,"href":"https:\/\/www.chavinandez.com\/blog\/wp-json\/wp\/v2\/tags?post=10944"}],"curies":[{"name":"wp","href":"https:\/\/api.w.org\/{rel}","templated":true}]}}