{"id":10871,"date":"2022-08-11T18:57:55","date_gmt":"2022-08-11T17:57:55","guid":{"rendered":"https:\/\/www.chavinandez.com\/blog\/?p=10871"},"modified":"2022-08-14T11:13:13","modified_gmt":"2022-08-14T10:13:13","slug":"nuestra-proxima-cita-el-xi-vaasa-wildlife-festival-de-finlandia","status":"publish","type":"post","link":"https:\/\/www.chavinandez.com\/blog\/nuestra-proxima-cita-el-xi-vaasa-wildlife-festival-de-finlandia\/","title":{"rendered":"Nuestra pr\u00f3xima cita, el XI Vaasa Wildlife Festival de Finlandia"},"content":{"rendered":"\n<p>Cuando iniciamos esta aventura de plasmar en un documental una visi\u00f3n y mirada del paisaje del olivar espa\u00f1ol, no nos imagin\u00e1bamos todo lo que nos iba a aportar, que ha sido mucho, aunque el conocer a sus protagonistas y llevar su mensaje bien lejos, ha sido lo m\u00e1s importante.<\/p>\n\n\n\n<figure class=\"wp-block-image size-large\"><a href=\"https:\/\/www.chavinandez.com\/blog\/wp-content\/uploads\/2022\/08\/elpaisajedelolivar.jpg\"><img loading=\"lazy\" decoding=\"async\" width=\"1024\" height=\"573\" src=\"https:\/\/www.chavinandez.com\/blog\/wp-content\/uploads\/2022\/08\/elpaisajedelolivar-1024x573.jpg\" alt=\"\" class=\"wp-image-10880\" srcset=\"https:\/\/www.chavinandez.com\/blog\/wp-content\/uploads\/2022\/08\/elpaisajedelolivar-1024x573.jpg 1024w, https:\/\/www.chavinandez.com\/blog\/wp-content\/uploads\/2022\/08\/elpaisajedelolivar-480x268.jpg 480w, https:\/\/www.chavinandez.com\/blog\/wp-content\/uploads\/2022\/08\/elpaisajedelolivar-200x112.jpg 200w, https:\/\/www.chavinandez.com\/blog\/wp-content\/uploads\/2022\/08\/elpaisajedelolivar-768x430.jpg 768w, https:\/\/www.chavinandez.com\/blog\/wp-content\/uploads\/2022\/08\/elpaisajedelolivar-1536x859.jpg 1536w, https:\/\/www.chavinandez.com\/blog\/wp-content\/uploads\/2022\/08\/elpaisajedelolivar-2048x1146.jpg 2048w, https:\/\/www.chavinandez.com\/blog\/wp-content\/uploads\/2022\/08\/elpaisajedelolivar-700x393.jpg 700w, https:\/\/www.chavinandez.com\/blog\/wp-content\/uploads\/2022\/08\/elpaisajedelolivar-332x186.jpg 332w\" sizes=\"auto, (max-width: 1024px) 100vw, 1024px\" \/><\/a><\/figure>\n\n\n\n<p>Tener la oportunidad de entrevistar a gente llana, sincera como lo es la mayor\u00eda de quienes habitan el mundo rural, y que tiene sus valores, razones y filosof\u00eda para vivir por y para el olivar, era todo un lujo y una experiencia que nos ha permitido dar a entender mucho mejor tanto la realidad como las dificultades, debilidades y fortalezas de uno de los sectores primarios, el sector agr\u00edcola y todo lo que ello conlleva si est\u00e1 bien o mal gestionado o no muy bien legislado.<\/p>\n\n\n\n<p>La responsabilidad u obligaci\u00f3n de cualquier director o cineasta independiente comprometido con el mundo rural, puede que sea mostrar siempre su visi\u00f3n personal desde las historias prestadas de los protagonistas, y as\u00ed construir un testimonio pripio o adaptaci\u00f3n para compartir un mensaje claro y conciso, pero sobretodo acorde a tus principios, \u00e9ticos y morales. Teniendo presente en todo momento y sin idealizar nada que todos tienen y deben tener voz propia independiente de lo que tu creas. Es el espectador qui\u00e9n extraer\u00e1 sus conclusiones y t\u00fa qui\u00e9n debes hacerlo posible a trav\u00e9s del documental.<\/p>\n\n\n\n<figure class=\"wp-block-image size-large\"><img decoding=\"async\" src=\"https:\/\/www.chavinandez.com\/blog\/wp-content\/uploads\/2022\/03\/ELPAISAJEDELOLIVAR-AGUSTIN-PEREZ.jpeg\" alt=\"\"\/><\/figure>\n\n\n\n<p>Conforme fuimos adentr\u00e1ndonos en el rodaje de El Paisaje del Olivar, \u00edbamos descubriendo nuevas tramas. Historias y testimonios, mensajes e inquietudes acerca del relevo generacional o la falta de mano de obra, la rentabilidad, la falta de competitividad, o puesta en valor. El miedo a la adaptaci\u00f3n o modernizaci\u00f3n del campo para cumplir con la producci\u00f3n de hoy en respuesta a la sostenibilidad con los recursos naturales limitados que contamos y la sombra del cambio clim\u00e1tico que azota los territorios y con ello tambi\u00e9n el futuro de las cosechas y los n\u00facleos rurales. <\/p>\n\n\n<div class=\"wp-block-image\">\n<figure class=\"alignright size-medium is-resized\"><a href=\"https:\/\/www.chavinandez.com\/blog\/wp-content\/uploads\/2022\/08\/MAPA-PAISES.jpg\"><img loading=\"lazy\" decoding=\"async\" src=\"https:\/\/www.chavinandez.com\/blog\/wp-content\/uploads\/2022\/08\/MAPA-PAISES-465x300.jpg\" alt=\"\" class=\"wp-image-10877\" width=\"501\" height=\"322\" srcset=\"https:\/\/www.chavinandez.com\/blog\/wp-content\/uploads\/2022\/08\/MAPA-PAISES-465x300.jpg 465w, https:\/\/www.chavinandez.com\/blog\/wp-content\/uploads\/2022\/08\/MAPA-PAISES-1024x660.jpg 1024w, https:\/\/www.chavinandez.com\/blog\/wp-content\/uploads\/2022\/08\/MAPA-PAISES-200x129.jpg 200w, https:\/\/www.chavinandez.com\/blog\/wp-content\/uploads\/2022\/08\/MAPA-PAISES-768x495.jpg 768w, https:\/\/www.chavinandez.com\/blog\/wp-content\/uploads\/2022\/08\/MAPA-PAISES-700x451.jpg 700w, https:\/\/www.chavinandez.com\/blog\/wp-content\/uploads\/2022\/08\/MAPA-PAISES-332x214.jpg 332w, https:\/\/www.chavinandez.com\/blog\/wp-content\/uploads\/2022\/08\/MAPA-PAISES.jpg 1312w\" sizes=\"auto, (max-width: 501px) 100vw, 501px\" \/><\/a><\/figure>\n<\/div>\n\n\n<p>No hubiera imaginado que la cinta final, con el testimonio de todos ellos,  sin apenas apoyos, ni medios, recorriera un a\u00f1o de su estreno en festivales, casi cuarenta pa\u00edses acaparando el inter\u00e9s de p\u00fablicos ajenos al mundo rural o preocupados por el cambio clim\u00e1tico o el futuro del paisaje del olivar o simplemente curiosidad por lo que nosotros tenemos y no sabemos valorar, nuestra tradici\u00f3n, patrimonio cultural y riqueza agroalimentaria. <\/p>\n\n\n\n<p>Hoy me siento orgulloso al tener que revisar y actualizar el palmar\u00e9s con los reconocimientos y premios que se han otorgado al documental, algo que hace ya algunos meses que no hac\u00eda, al estar desde primeros de a\u00f1o con un nuevo proyecto documental &#8220;El Caballo espa\u00f1ol, el Origen&#8221; y que si todo va bien, a final de a\u00f1o ver\u00e1 la luz. <\/p>\n\n\n\n<p>El recorrido que &#8220;<strong><a rel=\"noreferrer noopener\" href=\"http:\/\/www.elpaisajedelolivar.com\" target=\"_blank\">El Paisaje del Olivar<\/a><\/strong>&#8221; ha hecho en poco m\u00e1s de quince meses de festivales ha sido estupendo. Seguir\u00e1 hasta el ultimo trimestre del presente a\u00f1o para comercializarse a partir de entonces en plataformas de pago, cadenas y canales que compren los derechos de emisi\u00f3n en cualquier pa\u00eds del mundo, Alemania, Estados Unidos, Australia o con suerte, aunque eso a priori, no puedo saberlo en Espa\u00f1a.<\/p>\n\n\n\n<figure class=\"wp-block-image size-large\"><a href=\"https:\/\/www.chavinandez.com\/blog\/wp-content\/uploads\/2022\/08\/palmares2022-1-scaled.jpg\"><img loading=\"lazy\" decoding=\"async\" width=\"1024\" height=\"727\" src=\"https:\/\/www.chavinandez.com\/blog\/wp-content\/uploads\/2022\/08\/palmares2022-1-1024x727.jpg\" alt=\"\" class=\"wp-image-10873\" srcset=\"https:\/\/www.chavinandez.com\/blog\/wp-content\/uploads\/2022\/08\/palmares2022-1-1024x727.jpg 1024w, https:\/\/www.chavinandez.com\/blog\/wp-content\/uploads\/2022\/08\/palmares2022-1-423x300.jpg 423w, https:\/\/www.chavinandez.com\/blog\/wp-content\/uploads\/2022\/08\/palmares2022-1-200x142.jpg 200w, https:\/\/www.chavinandez.com\/blog\/wp-content\/uploads\/2022\/08\/palmares2022-1-768x545.jpg 768w, https:\/\/www.chavinandez.com\/blog\/wp-content\/uploads\/2022\/08\/palmares2022-1-1536x1090.jpg 1536w, https:\/\/www.chavinandez.com\/blog\/wp-content\/uploads\/2022\/08\/palmares2022-1-2048x1454.jpg 2048w, https:\/\/www.chavinandez.com\/blog\/wp-content\/uploads\/2022\/08\/palmares2022-1-700x497.jpg 700w, https:\/\/www.chavinandez.com\/blog\/wp-content\/uploads\/2022\/08\/palmares2022-1-332x236.jpg 332w\" sizes=\"auto, (max-width: 1024px) 100vw, 1024px\" \/><\/a><figcaption>Premios y reconocimientos recibidos en 2021 hasta agosto 2022<\/figcaption><\/figure>\n\n\n\n<p>Ahora nos toca acudir a finales de septiembre al <strong><a rel=\"noreferrer noopener\" href=\"https:\/\/www.vaasa.fi\/en\/see-and-experience\/culture-in-vaasa-and-vaasa-region\/nature-film-festival-vaasa-wildlife\/\" target=\"_blank\">Vaasa Wildlife Festival de Finlandia<\/a><\/strong> en donde &#8220;<strong>El Paisaje del Olivar<\/strong>&#8221; en su versi\u00f3n inglesa; &#8220;<a rel=\"noreferrer noopener\" href=\"https:\/\/filmfreeway.com\/ElPaisajedelOlivar\" target=\"_blank\"><strong>Spanish Olive Grove<\/strong><\/a>&#8221; ha quedado entre los tres largometrajes documentales finalistas en la categor\u00eda de <em><strong>Cambio Clim\u00e1tico<\/strong><\/em> y compite con el estadounidense; &#8220;<a rel=\"noreferrer noopener\" href=\"https:\/\/www.imdb.com\/title\/tt13837022\/?ref_=nm_flmg_dr_2\" target=\"_blank\"><strong>Hot Money<\/strong><\/a>&#8221; de Susan Kucera y co producido por <a rel=\"noreferrer noopener\" href=\"https:\/\/www.imdb.com\/name\/nm0000313\/?ref_=tt_ov_st\" target=\"_blank\">Jeff Bridges<\/a> y con el documental &#8220;<a rel=\"noreferrer noopener\" href=\"https:\/\/vimeo.com\/573089637\" target=\"_blank\"><strong>One world<\/strong><\/a>&#8221; de Viviana Uriona desde Alemania. Mucha suerte para ellos y todos los finalistas del resto de las diez categor\u00edas.<\/p>\n\n\n\n<p>Me siento afortunado de tener otra nueva oportunidad para seguir compartiendo un poco de lo que somos y de lo que me siento parte, acudiendo all\u00e1 donde adem\u00e1s valoran tu trabajo. <\/p>\n\n\n\n<p>Si alguna empresa o marca relacionada con la <strong>agricultura sostenible<\/strong> o el <strong>aove ecol\u00f3gico<\/strong>, quiere colaborar y ayudarnos, esponsorizarnos, o patrocinarnos durante este evento que dura cuatro d\u00edas y en el que somos el \u00fanico largometraje documental espa\u00f1ol y <strong>uno de los tres finalistas<\/strong> de la categor\u00eda Cambio Clim\u00e1tico, s\u00f3lo tiene que hac\u00e9rnoslo saber, seguro que llegamos a un acuerdo de colaboraci\u00f3n y un alcance ya asegurado.<\/p>\n\n\n\n<p>Si quieres seguir nuestros canales aqu\u00ed tienes algunas pistas:<\/p>\n\n\n\n<p><\/p>\n\n\n\n<p>Nos vemos pronto..\ud83d\ude09\ud83d\udc4c<\/p>\n\n\n\n<p><a rel=\"noreferrer noopener\" href=\"http:\/\/www.elpaisajedelolivar.com\" target=\"_blank\">www.elpaisajedelolivar.com<\/a><br \/>Enlace a la ficha de la pel\u00edcula en el <strong>Cat\u00e1logo cinespa\u00f1ol<\/strong>&nbsp;del&nbsp;<a rel=\"noreferrer noopener\" href=\"https:\/\/sede.mcu.gob.es\/CatalogoICAA\/Peliculas\/Detalle?Pelicula=136421\" target=\"_blank\"><strong>ICAA<\/strong><\/a><br \/>P\u00e1gina del documental en <strong><a rel=\"noreferrer noopener\" href=\"https:\/\/filmfreeway.com\/ElPaisajedelOlivar\" target=\"_blank\">Filmfreway<\/a><\/strong> para programadores y festivales acreditados.<\/p>\n\n\n\n<p><\/p>\n\n\n\n<p>contacto: chavinandez@gmail.com<br \/>+34 619703569<\/p>\n","protected":false},"excerpt":{"rendered":"<p>Cuando iniciamos esta aventura de plasmar en un documental una visi\u00f3n y mirada del paisaje del olivar espa\u00f1ol, no nos imagin\u00e1bamos todo lo que nos iba a aportar, que ha sido mucho, aunque el conocer a sus protagonistas y llevar su mensaje bien lejos, ha sido lo m\u00e1s importante. Tener &#8230;<\/p>\n","protected":false},"author":1,"featured_media":10873,"comment_status":"closed","ping_status":"closed","sticky":false,"template":"","format":"standard","meta":{"footnotes":""},"categories":[2662,53,7,2484,2661,356,3190,23,223,2337,3],"tags":[3253,3257,3254,3255,3256,3252,3251],"class_list":["post-10871","post","type-post","status-publish","format-standard","has-post-thumbnail","hentry","category-agricultura","category-documental","category-experiencias","category-fotografia-aerea","category-fotografia-alimentacion","category-novedades","category-premios","category-promocion","category-reportajes","category-viajes","category-videos","tag-film-festival","tag-finlandia-film-festival","tag-nature-film-festival","tag-nature-film-festival-2022","tag-vaasa-nature-film-festival-2022","tag-vaasa-wildlife","tag-wildlife","column","threecol","has-thumbnail"],"_links":{"self":[{"href":"https:\/\/www.chavinandez.com\/blog\/wp-json\/wp\/v2\/posts\/10871","targetHints":{"allow":["GET"]}}],"collection":[{"href":"https:\/\/www.chavinandez.com\/blog\/wp-json\/wp\/v2\/posts"}],"about":[{"href":"https:\/\/www.chavinandez.com\/blog\/wp-json\/wp\/v2\/types\/post"}],"author":[{"embeddable":true,"href":"https:\/\/www.chavinandez.com\/blog\/wp-json\/wp\/v2\/users\/1"}],"replies":[{"embeddable":true,"href":"https:\/\/www.chavinandez.com\/blog\/wp-json\/wp\/v2\/comments?post=10871"}],"version-history":[{"count":53,"href":"https:\/\/www.chavinandez.com\/blog\/wp-json\/wp\/v2\/posts\/10871\/revisions"}],"predecessor-version":[{"id":10935,"href":"https:\/\/www.chavinandez.com\/blog\/wp-json\/wp\/v2\/posts\/10871\/revisions\/10935"}],"wp:featuredmedia":[{"embeddable":true,"href":"https:\/\/www.chavinandez.com\/blog\/wp-json\/wp\/v2\/media\/10873"}],"wp:attachment":[{"href":"https:\/\/www.chavinandez.com\/blog\/wp-json\/wp\/v2\/media?parent=10871"}],"wp:term":[{"taxonomy":"category","embeddable":true,"href":"https:\/\/www.chavinandez.com\/blog\/wp-json\/wp\/v2\/categories?post=10871"},{"taxonomy":"post_tag","embeddable":true,"href":"https:\/\/www.chavinandez.com\/blog\/wp-json\/wp\/v2\/tags?post=10871"}],"curies":[{"name":"wp","href":"https:\/\/api.w.org\/{rel}","templated":true}]}}