{"id":10864,"date":"2022-08-09T08:51:32","date_gmt":"2022-08-09T07:51:32","guid":{"rendered":"https:\/\/www.chavinandez.com\/blog\/?p=10864"},"modified":"2022-08-09T09:11:36","modified_gmt":"2022-08-09T08:11:36","slug":"algunos-dias-lo-consigo-otros-no-pero-yo-sigo-sigo-sigo","status":"publish","type":"post","link":"https:\/\/www.chavinandez.com\/blog\/algunos-dias-lo-consigo-otros-no-pero-yo-sigo-sigo-sigo\/","title":{"rendered":"Algunos d\u00edas lo consigo, otros no, pero yo sigo, sigo, sigo"},"content":{"rendered":"\n<p>Acabamos de subir otro de los trailer del documental y en el que uno de sus protagonistas, Guillermo Garc\u00eda Palma nos deja claro que la perseverancia es la clave del \u00e9xito. Con \u00e9l, reanudamos el rodaje y las entrevistas que nos quedan estas semanas en Sevilla con Antonio Miura, en M\u00e1laga con Luc\u00eda Millas y en Almer\u00eda con Arabel Ataya. <\/p>\n\n\n\n<p>Mientras, aqu\u00ed tienes alg\u00fan instante compartido desde dentro, con Guillermo Garc\u00eda Palma, otro de los protagonistas del documental &#8220;El caballo espa\u00f1ol, el origen&#8221;. Su figura nos descubre alguno de los secretos mejor guardados no s\u00f3lo del origen del caballo espa\u00f1ol, sino de la estrecha relaci\u00f3n del binomio; hombre y caballo.<\/p>\n\n\n\n<figure class=\"wp-block-embed is-type-video is-provider-vimeo wp-block-embed-vimeo wp-embed-aspect-16-9 wp-has-aspect-ratio\"><div class=\"wp-block-embed__wrapper\">\n<iframe loading=\"lazy\" title=\"EL CABALLO ESPAN\u0303OL- GUILLERMO GARCIA PALMA - TRAILER\" src=\"https:\/\/player.vimeo.com\/video\/737708323?dnt=1&amp;app_id=122963\" width=\"660\" height=\"371\" frameborder=\"0\" allow=\"autoplay; fullscreen; picture-in-picture; clipboard-write\"><\/iframe>\n<\/div><\/figure>\n\n\n\n<p>Su libro: &#8220;<a rel=\"noreferrer noopener\" href=\"https:\/\/amzn.to\/3bIRSTC\" target=\"_blank\">El Caballo de Miura: La verdadera historia del caballo de pura raza espa\u00f1ola<\/a>&#8221; <\/p>\n\n\n\n<p><\/p>\n\n\n\n<p>\u00bfQuieres ser uno de los <a rel=\"noreferrer noopener\" href=\"https:\/\/www.chavinandez.com\/blog\/?p=10655\" target=\"_blank\">patrocinadores de <\/a><a rel=\"noreferrer noopener\" href=\"https:\/\/www.chavinandez.com\/blog\/?p=10655\" target=\"_blank\">e<\/a><a rel=\"noreferrer noopener\" href=\"https:\/\/www.chavinandez.com\/blog\/?p=10655\" target=\"_blank\">s<\/a><a rel=\"noreferrer noopener\" href=\"https:\/\/www.chavinandez.com\/blog\/?p=10655\" target=\"_blank\">t<\/a><a href=\"https:\/\/www.chavinandez.com\/blog\/?p=10655\" target=\"_blank\" rel=\"noreferrer noopener\">e<\/a><a rel=\"noreferrer noopener\" href=\"https:\/\/www.chavinandez.com\/blog\/?p=10655\" target=\"_blank\"> documental solidario<\/a> que dar\u00e1 la vuelta al mundo? Cont\u00e1ctanos:  +34 619703569 o en el e-mail chavinandez@gmail.com <br \/><br \/>M\u00e1s sobre nuestro documental en: <br \/><a rel=\"noreferrer noopener\" href=\"http:\/\/www.elcaballoespanol.com\" target=\"_blank\">www.elcaballoespanol.com<\/a> <\/p>\n\n\n\n<p><br \/>S\u00edguenos en nuestras redes sociales;<br \/><a rel=\"noreferrer noopener\" href=\"https:\/\/www.facebook.com\/chavinandezphoto\" target=\"_blank\">Facebook Personal<\/a><br \/><a rel=\"noreferrer noopener\" href=\"https:\/\/www.facebook.com\/Documental-El-Caballo-Espa%C3%B1ol-103654015655168\" target=\"_blank\">Facebook Proyecto Caballo Espa\u00f1ol<\/a><br \/><a rel=\"noreferrer noopener\" href=\"https:\/\/www.instagram.com\/chavinandezphoto\/\" target=\"_blank\">Instagram Personal<\/a><br \/><a rel=\"noreferrer noopener\" href=\"https:\/\/www.youtube.com\/channel\/UCdX6WOa4lWa7ps-y3X7mpmw\" target=\"_blank\">YouTube Canal<\/a><br \/>Canal del proyecto en\u00a0<a href=\"https:\/\/vimeo.com\/manage\/showcases\/9555950\/info\">Vimeo<\/a><\/p>\n","protected":false},"excerpt":{"rendered":"<p>Acabamos de subir otro de los trailer del documental y en el que uno de sus protagonistas, Guillermo Garc\u00eda Palma nos deja claro que la perseverancia es la clave del \u00e9xito. Con \u00e9l, reanudamos el rodaje y las entrevistas que nos quedan estas semanas en Sevilla con Antonio Miura, en &#8230;<\/p>\n","protected":false},"author":1,"featured_media":10865,"comment_status":"closed","ping_status":"closed","sticky":false,"template":"","format":"standard","meta":{"footnotes":""},"categories":[2662,53,7,46,356,223,3],"tags":[1350,3243,2114,3218,3241,3217,3248,3246,3240,3245,3250,3249,3242,3247,3244],"class_list":["post-10864","post","type-post","status-publish","format-standard","has-post-thumbnail","hentry","category-agricultura","category-documental","category-experiencias","category-libros","category-novedades","category-reportajes","category-videos","tag-andalucia","tag-cria-caballar","tag-documental","tag-el-caballo-andaluz","tag-el-caballo-de-miura","tag-el-caballo-espanol","tag-el-documental-caballo-espanol","tag-equitacion-peliculas","tag-guillermo-garcia-palma","tag-hipologia","tag-la-cala-de-mijas","tag-mijas","tag-miura-ganaderia","tag-pelicula-caballo-espanol","tag-veterinaria-clinica-equina","column","threecol","has-thumbnail"],"_links":{"self":[{"href":"https:\/\/www.chavinandez.com\/blog\/wp-json\/wp\/v2\/posts\/10864","targetHints":{"allow":["GET"]}}],"collection":[{"href":"https:\/\/www.chavinandez.com\/blog\/wp-json\/wp\/v2\/posts"}],"about":[{"href":"https:\/\/www.chavinandez.com\/blog\/wp-json\/wp\/v2\/types\/post"}],"author":[{"embeddable":true,"href":"https:\/\/www.chavinandez.com\/blog\/wp-json\/wp\/v2\/users\/1"}],"replies":[{"embeddable":true,"href":"https:\/\/www.chavinandez.com\/blog\/wp-json\/wp\/v2\/comments?post=10864"}],"version-history":[{"count":5,"href":"https:\/\/www.chavinandez.com\/blog\/wp-json\/wp\/v2\/posts\/10864\/revisions"}],"predecessor-version":[{"id":10870,"href":"https:\/\/www.chavinandez.com\/blog\/wp-json\/wp\/v2\/posts\/10864\/revisions\/10870"}],"wp:featuredmedia":[{"embeddable":true,"href":"https:\/\/www.chavinandez.com\/blog\/wp-json\/wp\/v2\/media\/10865"}],"wp:attachment":[{"href":"https:\/\/www.chavinandez.com\/blog\/wp-json\/wp\/v2\/media?parent=10864"}],"wp:term":[{"taxonomy":"category","embeddable":true,"href":"https:\/\/www.chavinandez.com\/blog\/wp-json\/wp\/v2\/categories?post=10864"},{"taxonomy":"post_tag","embeddable":true,"href":"https:\/\/www.chavinandez.com\/blog\/wp-json\/wp\/v2\/tags?post=10864"}],"curies":[{"name":"wp","href":"https:\/\/api.w.org\/{rel}","templated":true}]}}