{"id":10782,"date":"2022-06-24T10:25:29","date_gmt":"2022-06-24T09:25:29","guid":{"rendered":"https:\/\/www.chavinandez.com\/blog\/?p=10782"},"modified":"2022-09-23T10:28:14","modified_gmt":"2022-09-23T09:28:14","slug":"esta-semana-hemos-comenzado-el-rodaje-de-el-caballo-espanol-el-origen","status":"publish","type":"post","link":"https:\/\/www.chavinandez.com\/blog\/esta-semana-hemos-comenzado-el-rodaje-de-el-caballo-espanol-el-origen\/","title":{"rendered":"Comienza el rodaje de &#8220;El Caballo Espa\u00f1ol, el origen&#8221;"},"content":{"rendered":"\n<figure class=\"wp-block-image\"><img decoding=\"async\" src=\"https:\/\/dg9aaz8jl1ktt.cloudfront.net\/uploaded_files\/000\/363\/085\/verkami_86d168820707b541832fa19ab33ae4e5.jpg?1656061083\" alt=\"Entrevista La Yeguada de la Cartuja, Hierro del Bocado\"\/><\/figure>\n\n\n\n<p>Esta misma semana, Juan Albarrac\u00edn y yo, hemos comenzado el rodaje del documental &#8220;El Caballo Espa\u00f1ol, el origen&#8221; por el sur Andaluc\u00eda. Una de las ocho comunidades que visitamos en nuestra historia.<\/p>\n\n\n\n<p>Ocho meses de documentaci\u00f3n, seis  de preproducci\u00f3n y ahora ya por fin, gracias al apoyo de los mecenas que os vais uniendo y nos segu\u00eds ayudando,  es ya una realidad. <\/p>\n\n\n\n<p>Muchas, de las aportaciones que os devolvi\u00f3 VERKAMI en el crowdfunding y que nos hab\u00e9is vuelto hacer de nuevo son las culpables. <\/p>\n\n\n\n<p> Por ello os damos las gracias por seguir confiando en nuestro trabajo y por estar ah\u00ed apoy\u00e1ndonos para lanzar el documental y cuyo fin ya sab\u00e9is, es solidario.<\/p>\n\n\n\n<p>Si no lo has podido leer todav\u00eda en nuestro blog, aqu\u00ed te cuento que <a href=\"https:\/\/www.chavinandez.com\/blog\/?p=10655\">seguimos adelante con toda la ilusi\u00f3n<\/a>. A d\u00eda de hoy tenemos apoyo pr\u00e1cticamente inexistente de las entidades y administraciones encargadas de la promoci\u00f3n y difusi\u00f3n de la cultura o patrimonio de alguna de las ciudades que cre\u00edamos m\u00e1s representativas e implicadas. Esto no es algo nuevo, pues ellos se deben a proyectos de mayor calado y envergadura. Por nuestra parte, los requisitos, recursos y tiempo a emplear necesario para conseguir alguna peque\u00f1a partida su financiaci\u00f3n, son un reto dif\u00edcil de asumir. <\/p>\n\n\n\n<p><\/p>\n\n\n\n<p>Ahora contamos para conseguir nuestro objetivo con los recursos propios, mucho trabajo y nuestra dedicaci\u00f3n altruista y que gracias a vuestras aportaciones sirven para financiar y lanzar un largometraje documental que seguro ser\u00e1 un \u00e9xito fuera de nuestras fronteras (igual que lo ha sido nuestro \u00faltimo documental &#8220;El Paisaje del Olivar&#8221; , con veinti\u00fan reconocimientos y premios en festivales de cine internacionales, uno de ellos es de Espa\u00f1a).<\/p>\n\n\n\n<p>Reuniendo y dando testimonio in\u00e9dito de expertos, autores, veterinarios, ganaderos, criadores, artistas, jinetes y estudiosos del mundo hipol\u00f3gico, dando a conocer algo tan incre\u00edble y valioso como lo es, el legado y origen del denominado &#8220;Caballo espa\u00f1ol&#8221; en la pen\u00ednsula. Tema de gran inter\u00e9s a nivel internacional. Todo encaminado a venderlo a la audiencia de cadenas, y as\u00ed destinar parte de los beneficios de derechos de emisi\u00f3n para apoyar diferentes causas sociales que nos preocupan y con las que estamos comprometidos. (asociaciones vinculadas a la equinoterapia e hipoterapia u ONGs de gesti\u00f3n de comedores sociales, banco de alimentos)<\/p>\n\n\n\n<figure class=\"wp-block-image\"><img decoding=\"async\" src=\"https:\/\/dg9aaz8jl1ktt.cloudfront.net\/uploaded_files\/000\/363\/086\/verkami_51e5e61a0a139af7594683b93dbfdab0.jpg?1656061908\" alt=\"Juan Albarrac\u00edn, una joven y gran promesa, Guionista del documental y a la izquierda un servidor\"\/><\/figure>\n\n\n\n<p>Nosotros adem\u00e1s de ejecutar el plan de rodaje durante julio y agosto, seguimos con la b\u00fasqueda de patrocinadores. Esperamos m\u00e1s pronto que tarde se unan a esta maravillosa trama llevada al cine. Una historia de relaci\u00f3n \u00edntima entre el caballo y el hombre, su compa\u00f1ero de faenas. Un relato sobre su papel y en el que es menos relevante la pureza, las l\u00edneas, sub-razas, pero en d\u00f3nde conoceremos la historia real del caballo andaluz, castellano, menorqu\u00edn, catal\u00e1n, hispano-\u00e1rabe, lusitano o espa\u00f1ol.<\/p>\n\n\n\n<p>Si conoces alg\u00fan posible patrocinador, hazle llegar nuestro contacto y proyecto para presentarle nuestra modesta propuesta de patrocinios. Seguro que hay mas de una marca que se siente muy identificada y estar\u00eda dispuesta no s\u00f3lo por el incentivo fiscal que conlleva la inversi\u00f3n de apoyo al cine, sino por imprimir su filosof\u00eda y nombre en los cr\u00e9ditos iniciales del documental como patrocinador destacado.<\/p>\n\n\n\n<p><\/p>\n\n\n\n<figure class=\"wp-block-embed is-type-video is-provider-vimeo wp-block-embed-vimeo wp-embed-aspect-16-9 wp-has-aspect-ratio\"><div class=\"wp-block-embed__wrapper\">\n<iframe loading=\"lazy\" title=\"EL CABALLO ESPA\u00d1OL, EL ORIGEN, COMIENZA EL RODAJE, JUNIO 2022\" src=\"https:\/\/player.vimeo.com\/video\/726359597?dnt=1&amp;app_id=122963\" width=\"660\" height=\"371\" frameborder=\"0\" allow=\"autoplay; fullscreen; picture-in-picture; clipboard-write\"><\/iframe>\n<\/div><\/figure>\n\n\n\n<p><\/p>\n\n\n\n<p>CONTACTO:<\/p>\n\n\n\n<p>Francisco Javier Fern\u00e1ndez Bordonada<br \/><a rel=\"noreferrer noopener\" href=\"https:\/\/www.chavinandez.com\/\" target=\"_blank\">www.chavinandez.com<\/a><\/p>\n\n\n\n<p>Cuentas de apoyo del proyecto y mecenazgo a trav\u00e9s de BIZUM al tel\u00e9fono <strong>619 703569<\/strong> (indicar nombre y apellidos tuyo como mecenas para los cr\u00e9ditos del documental) . Si no funciona porque est\u00e1 limitado a 60 aportaciones al mes entonces: <\/p>\n\n\n\n<p><strong>Transferencia a favor de FRANCISCO JAVIER FDEZ BORDONADA, Concepto Mecenazgo El Caballo Espa\u00f1ol en ING<\/strong> (ES30 1465 0100 9117 3651 0950) <\/p>\n\n\n\n<p>e-mail: chavinandez@gmail.com<\/p>\n\n\n\n<p><a href=\"https:\/\/us04web.zoom.us\/j\/7152152777?pwd=ZklJcmsxRUhjeDhjTHdlWG5ZRUt6Zz09\" target=\"_blank\" rel=\"noreferrer noopener\">Zoom<\/a>&nbsp;o WhatsApp +34 619703569<\/p>\n\n\n\n<p>Pod\u00e9is seguirnos en nuestras redes sociales;<br \/><br \/><a rel=\"noreferrer noopener\" href=\"https:\/\/www.facebook.com\/Documental-El-Caballo-Espa%C3%B1ol-103654015655168\" target=\"_blank\">Facebook Proyecto Caballo Espa\u00f1ol<\/a><br \/><a rel=\"noreferrer noopener\" href=\"https:\/\/www.instagram.com\/chavinandezphoto\/\" target=\"_blank\">Instagram Personal<\/a><br \/>Canal <a rel=\"noreferrer noopener\" href=\"https:\/\/www.youtube.com\/channel\/UCdX6WOa4lWa7ps-y3X7mpmw\" target=\"_blank\">YouTube del Proyecto<\/a><br \/>Canal <a rel=\"noreferrer noopener\" href=\"https:\/\/vimeo.com\/chnd\" target=\"_blank\">Vimeo<\/a> del proyecto <br \/><a rel=\"noreferrer noopener\" href=\"https:\/\/www.chavinandez.com\/blog\/?p=10655\" target=\"_blank\">Blog y web del proyecto oficial<\/a>.<\/p>\n","protected":false},"excerpt":{"rendered":"<p>Esta misma semana, Juan Albarrac\u00edn y yo, hemos comenzado el rodaje del documental &#8220;El Caballo Espa\u00f1ol, el origen&#8221; por el sur Andaluc\u00eda. Una de las ocho comunidades que visitamos en nuestra historia. Ocho meses de documentaci\u00f3n, seis de preproducci\u00f3n y ahora ya por fin, gracias al apoyo de los mecenas &#8230;<\/p>\n","protected":false},"author":1,"featured_media":10788,"comment_status":"closed","ping_status":"closed","sticky":false,"template":"","format":"standard","meta":{"footnotes":""},"categories":[53,7,2483,1,356,23,223,3],"tags":[2114,3218,3217],"class_list":["post-10782","post","type-post","status-publish","format-standard","has-post-thumbnail","hentry","category-documental","category-experiencias","category-filmacion","category-general","category-novedades","category-promocion","category-reportajes","category-videos","tag-documental","tag-el-caballo-andaluz","tag-el-caballo-espanol","column","threecol","has-thumbnail"],"_links":{"self":[{"href":"https:\/\/www.chavinandez.com\/blog\/wp-json\/wp\/v2\/posts\/10782","targetHints":{"allow":["GET"]}}],"collection":[{"href":"https:\/\/www.chavinandez.com\/blog\/wp-json\/wp\/v2\/posts"}],"about":[{"href":"https:\/\/www.chavinandez.com\/blog\/wp-json\/wp\/v2\/types\/post"}],"author":[{"embeddable":true,"href":"https:\/\/www.chavinandez.com\/blog\/wp-json\/wp\/v2\/users\/1"}],"replies":[{"embeddable":true,"href":"https:\/\/www.chavinandez.com\/blog\/wp-json\/wp\/v2\/comments?post=10782"}],"version-history":[{"count":45,"href":"https:\/\/www.chavinandez.com\/blog\/wp-json\/wp\/v2\/posts\/10782\/revisions"}],"predecessor-version":[{"id":11003,"href":"https:\/\/www.chavinandez.com\/blog\/wp-json\/wp\/v2\/posts\/10782\/revisions\/11003"}],"wp:featuredmedia":[{"embeddable":true,"href":"https:\/\/www.chavinandez.com\/blog\/wp-json\/wp\/v2\/media\/10788"}],"wp:attachment":[{"href":"https:\/\/www.chavinandez.com\/blog\/wp-json\/wp\/v2\/media?parent=10782"}],"wp:term":[{"taxonomy":"category","embeddable":true,"href":"https:\/\/www.chavinandez.com\/blog\/wp-json\/wp\/v2\/categories?post=10782"},{"taxonomy":"post_tag","embeddable":true,"href":"https:\/\/www.chavinandez.com\/blog\/wp-json\/wp\/v2\/tags?post=10782"}],"curies":[{"name":"wp","href":"https:\/\/api.w.org\/{rel}","templated":true}]}}