{"id":10555,"date":"2022-04-06T17:56:18","date_gmt":"2022-04-06T16:56:18","guid":{"rendered":"https:\/\/www.chavinandez.com\/blog\/?p=10555"},"modified":"2022-04-13T18:27:47","modified_gmt":"2022-04-13T17:27:47","slug":"el-caballo-espanol-seis-vidas-seis-mundos","status":"publish","type":"post","link":"https:\/\/www.chavinandez.com\/blog\/el-caballo-espanol-seis-vidas-seis-mundos\/","title":{"rendered":"El Caballo Espa\u00f1ol, seis vidas, seis mundos"},"content":{"rendered":"\n<p>Muy pronto lanzamos una campa\u00f1a de <strong><a rel=\"noreferrer noopener\" href=\"https:\/\/vkm.is\/caballoespa\u00f1ol\" target=\"_blank\">micromecenazgo en Verkami<\/a><\/strong> para financiar un proyecto documental que recoge la vida de seis protagonistas muy cercanos en su d\u00eda a d\u00eda al caballo espa\u00f1ol. <\/p>\n\n\n\n<p>Un documental de muy bajo presupuesto, si lo comparamos con proyectos similares y producciones m\u00e1s ambiciosas, pero en el que pretendemos mostrar de manera in\u00e9dita y diferente el incre\u00edble papel del caballo, no solo por su arte, inteligencia y sensibilidad, sino en su vertiente m\u00e1s emocionante y sanadora tanto con su amo, como con su compa\u00f1ero o paciente en las jornadas de equinoterapia.<\/p>\n\n\n\n<p>Un documental que muestra por primera vez algunos secretos nunca antes desvelados de la historia del caballo en la pen\u00ednsula y recorre a trav\u00e9s de la mirada y testimonio de algunos de los mayores referentes del mundo ecuestre la verdad de su pura raza espa\u00f1ola, as\u00ed como el sentir, fuerza, elegancia de este animal \u00fanico, y del que podemos sentirnos orgullosos de poder admirar y respetar.<\/p>\n\n\n\n<figure class=\"wp-block-embed is-type-video is-provider-vimeo wp-block-embed-vimeo wp-embed-aspect-16-9 wp-has-aspect-ratio\"><div class=\"wp-block-embed__wrapper\">\n<iframe loading=\"lazy\" title=\"EL CABALLO ESPA\u00d1OL - ALEJANDRO BARRIONUEVO, M\u00c1LAGA-TRAILER\" src=\"https:\/\/player.vimeo.com\/video\/691057601?dnt=1&amp;app_id=122963\" width=\"660\" height=\"371\" frameborder=\"0\" allow=\"autoplay; fullscreen; picture-in-picture; clipboard-write\"><\/iframe>\n<\/div><\/figure>\n\n\n\n<p>\u00c9chanos un cable y convi\u00e9rtete en mecenas de nuestra producci\u00f3n. Ap\u00fantate a la campa\u00f1a de Crowdfunding de <strong>VERKAMI<\/strong> y s\u00e9 de los primeros en conseguir una serie de recompensas que te van a encantar si aportas tu granito de arena como mecenas. (<em>Webinars, Caf\u00e9 tertulia, Sorteo de Plazas Gratuitas a Talleres de fotograf\u00eda, Visionado VIP anticipado del estreno del documental para que veas en primicia desde tu casa, o consigas una de las 50 l\u00e1minas exclusivas edici\u00f3n limitada valorada cada una en 200\u20ac y Cartel oficial digital de la pel\u00edcula dedicado &#8230;.etc&#8230;)<\/em><\/p>\n\n\n\n<p><a href=\"https:\/\/vkm.is\/caballoespa\u00f1ol\" target=\"_blank\" rel=\"noreferrer noopener\">https:\/\/vkm.is\/caballoespa\u00f1ol<\/a><\/p>\n","protected":false},"excerpt":{"rendered":"<p>Muy pronto lanzamos una campa\u00f1a de micromecenazgo en Verkami para financiar un proyecto documental que recoge la vida de seis protagonistas muy cercanos en su d\u00eda a d\u00eda al caballo espa\u00f1ol. Un documental de muy bajo presupuesto, si lo comparamos con proyectos similares y producciones m\u00e1s ambiciosas, pero en el &#8230;<\/p>\n","protected":false},"author":1,"featured_media":10558,"comment_status":"closed","ping_status":"closed","sticky":false,"template":"","format":"standard","meta":{"footnotes":""},"categories":[1],"tags":[1350,3219,2114,3218,3217,3220],"class_list":["post-10555","post","type-post","status-publish","format-standard","has-post-thumbnail","hentry","category-general","tag-andalucia","tag-cine-espanol","tag-documental","tag-el-caballo-andaluz","tag-el-caballo-espanol","tag-jerez-de-la-frontera","column","threecol","has-thumbnail"],"_links":{"self":[{"href":"https:\/\/www.chavinandez.com\/blog\/wp-json\/wp\/v2\/posts\/10555","targetHints":{"allow":["GET"]}}],"collection":[{"href":"https:\/\/www.chavinandez.com\/blog\/wp-json\/wp\/v2\/posts"}],"about":[{"href":"https:\/\/www.chavinandez.com\/blog\/wp-json\/wp\/v2\/types\/post"}],"author":[{"embeddable":true,"href":"https:\/\/www.chavinandez.com\/blog\/wp-json\/wp\/v2\/users\/1"}],"replies":[{"embeddable":true,"href":"https:\/\/www.chavinandez.com\/blog\/wp-json\/wp\/v2\/comments?post=10555"}],"version-history":[{"count":3,"href":"https:\/\/www.chavinandez.com\/blog\/wp-json\/wp\/v2\/posts\/10555\/revisions"}],"predecessor-version":[{"id":10560,"href":"https:\/\/www.chavinandez.com\/blog\/wp-json\/wp\/v2\/posts\/10555\/revisions\/10560"}],"wp:featuredmedia":[{"embeddable":true,"href":"https:\/\/www.chavinandez.com\/blog\/wp-json\/wp\/v2\/media\/10558"}],"wp:attachment":[{"href":"https:\/\/www.chavinandez.com\/blog\/wp-json\/wp\/v2\/media?parent=10555"}],"wp:term":[{"taxonomy":"category","embeddable":true,"href":"https:\/\/www.chavinandez.com\/blog\/wp-json\/wp\/v2\/categories?post=10555"},{"taxonomy":"post_tag","embeddable":true,"href":"https:\/\/www.chavinandez.com\/blog\/wp-json\/wp\/v2\/tags?post=10555"}],"curies":[{"name":"wp","href":"https:\/\/api.w.org\/{rel}","templated":true}]}}