{"id":1043,"date":"2009-01-18T21:43:10","date_gmt":"2009-01-18T19:43:10","guid":{"rendered":"http:\/\/www.chavinandez.com\/blog\/?p=1043"},"modified":"2009-03-18T13:35:35","modified_gmt":"2009-03-18T11:35:35","slug":"pirena-2009-comienza-la-carrera","status":"publish","type":"post","link":"https:\/\/www.chavinandez.com\/blog\/pirena-2009-comienza-la-carrera\/","title":{"rendered":"Pirena 2009, comienza la carrera"},"content":{"rendered":"<p><a href=\"https:\/\/www.chavinandez.com\/blog\/wp-content\/uploads\/2009\/01\/pirena_lapartacu_01.jpg\"><img loading=\"lazy\" decoding=\"async\" class=\"alignnone size-full wp-image-1042\" title=\"pirena_lapartacu_01\" src=\"https:\/\/www.chavinandez.com\/blog\/wp-content\/uploads\/2009\/01\/pirena_lapartacu_01.jpg\" alt=\"\" width=\"480\" height=\"431\" srcset=\"https:\/\/www.chavinandez.com\/blog\/wp-content\/uploads\/2009\/01\/pirena_lapartacu_01.jpg 480w, https:\/\/www.chavinandez.com\/blog\/wp-content\/uploads\/2009\/01\/pirena_lapartacu_01-167x150.jpg 167w, https:\/\/www.chavinandez.com\/blog\/wp-content\/uploads\/2009\/01\/pirena_lapartacu_01-334x300.jpg 334w\" sizes=\"auto, (max-width: 480px) 100vw, 480px\" \/><\/a><\/p>\n<p>D90 f\/7,1 vel 1\/600 UV + Polarizador Obj 18-200 f\/3,5 VR IF ( <a href=\"http:\/\/rdkphotobank.com\/gallery\/thumbnails.php?album=31\">ver m\u00e1s im\u00e1genes<\/a> )<\/p>\n<p>Este a\u00f1o en la <a href=\"http:\/\/www.pirena.com\/esp\/pirena\/p2008-esp.html\">XIX edici\u00f3n de Pirena<\/a>, comienza con un gran aliado, la abundante nieve, que unido al fr\u00edo, que no lo es tanto y la m\u00e1gica mirada de algunos canes conforman los aditivos genuinos de una cada vez m\u00e1s popular carrera de trineos tirada por perros que recorre desde Arag\u00f3n ( La Partacua, Formigal y Candanch\u00fa) hasta la vecinas tierras de Catalu\u00f1a, Andorra y Francia.<\/p>\n<p><!--more--><\/p>\n<p><a href=\"https:\/\/www.chavinandez.com\/blog\/wp-content\/uploads\/2009\/01\/pirena-71.jpg\"><img decoding=\"async\" class=\"alignnone size-full wp-image-1045\" title=\"pirena-71\" src=\"https:\/\/www.chavinandez.com\/blog\/wp-content\/uploads\/2009\/01\/pirena-71.jpg\" alt=\"\" \/><\/a><\/p>\n<p><strong>Pirena 2009<\/strong> recorrer\u00e1 <a href=\"http:\/\/www.pirena.com\/esp\/pirena\/itinerariopirena-esp.html\">300 kil\u00f3metros en trece etapas<\/a>, de las cuales tres de ellas ser\u00e1n nocturnas. Este a\u00f1o la prueba cuenta con 37 equipos de 9 pa\u00edses (Alemania, Eslovaquia, Rep\u00fablica Checa, Polonia, Reino Unido, Noruega, Francia, Suiza y Espa\u00f1a).<\/p>\n<p><a href=\"https:\/\/www.chavinandez.com\/blog\/wp-content\/uploads\/2009\/01\/pirena-26.jpg\"><img loading=\"lazy\" decoding=\"async\" class=\"alignleft size-thumbnail wp-image-1046\" style=\"margin: 15px;\" title=\"pirena-26\" src=\"https:\/\/www.chavinandez.com\/blog\/wp-content\/uploads\/2009\/01\/pirena-26.jpg\" alt=\"\" width=\"158\" height=\"238\" \/><\/a><strong>Itinerario de la prueba:<\/strong><\/p>\n<p>18 enero. La Partacua 26 km.<br \/>\n19 enero. Aram\u00f3n Formigal 31 km.<br \/>\n20 enero. Candanch\u00fa 14 km.<br \/>\n21 enero. Baqueira Beret 16 km.<br \/>\nBeret-Montgarri 17 km.<br \/>\n22 enero. Beret-Bonab\u00e9-Beret 44 km.<br \/>\n23 enero. DESCANSO<br \/>\n24 enero. Gran Pallars-Port Ain\u00e9 19 km.<br \/>\n25 enero. Gran Pallars-Port Ain\u00e9 19 km.<br \/>\n26 enero. Plateau de Beille 34 km.<br \/>\n27 enero. Plateau de Beille 33 km.<br \/>\n28 enero. Grandvalira-El Tarter 14 km.<br \/>\n29 enero. Grandvalira-Grau Roig 12 km.<\/p>\n<p>[ad#468]<\/p>\n","protected":false},"excerpt":{"rendered":"<p>D90 f\/7,1 vel 1\/600 UV + Polarizador Obj 18-200 f\/3,5 VR IF ( ver m\u00e1s im\u00e1genes ) Este a\u00f1o en la XIX edici\u00f3n de Pirena, comienza con un gran aliado, la abundante nieve, que unido al fr\u00edo, que no lo es tanto y la m\u00e1gica mirada de algunos canes conforman &#8230;<\/p>\n","protected":false},"author":1,"featured_media":0,"comment_status":"open","ping_status":"open","sticky":false,"template":"","format":"standard","meta":{"footnotes":""},"categories":[7,9],"tags":[105,161,108,160,162,210,208],"class_list":["post-1043","post","type-post","status-publish","format-standard","hentry","category-experiencias","category-imagenes","tag-fotografia-invernal","tag-mushers","tag-nieve","tag-pirena","tag-pirena-2009","tag-spain-images","tag-spain-photography","column","threecol"],"_links":{"self":[{"href":"https:\/\/www.chavinandez.com\/blog\/wp-json\/wp\/v2\/posts\/1043","targetHints":{"allow":["GET"]}}],"collection":[{"href":"https:\/\/www.chavinandez.com\/blog\/wp-json\/wp\/v2\/posts"}],"about":[{"href":"https:\/\/www.chavinandez.com\/blog\/wp-json\/wp\/v2\/types\/post"}],"author":[{"embeddable":true,"href":"https:\/\/www.chavinandez.com\/blog\/wp-json\/wp\/v2\/users\/1"}],"replies":[{"embeddable":true,"href":"https:\/\/www.chavinandez.com\/blog\/wp-json\/wp\/v2\/comments?post=1043"}],"version-history":[{"count":4,"href":"https:\/\/www.chavinandez.com\/blog\/wp-json\/wp\/v2\/posts\/1043\/revisions"}],"predecessor-version":[{"id":1315,"href":"https:\/\/www.chavinandez.com\/blog\/wp-json\/wp\/v2\/posts\/1043\/revisions\/1315"}],"wp:attachment":[{"href":"https:\/\/www.chavinandez.com\/blog\/wp-json\/wp\/v2\/media?parent=1043"}],"wp:term":[{"taxonomy":"category","embeddable":true,"href":"https:\/\/www.chavinandez.com\/blog\/wp-json\/wp\/v2\/categories?post=1043"},{"taxonomy":"post_tag","embeddable":true,"href":"https:\/\/www.chavinandez.com\/blog\/wp-json\/wp\/v2\/tags?post=1043"}],"curies":[{"name":"wp","href":"https:\/\/api.w.org\/{rel}","templated":true}]}}