{"id":10288,"date":"2021-10-28T13:35:56","date_gmt":"2021-10-28T12:35:56","guid":{"rendered":"https:\/\/www.chavinandez.com\/blog\/?p=10288"},"modified":"2021-10-28T13:35:56","modified_gmt":"2021-10-28T12:35:56","slug":"slemani-international-film-festival-selecciona-nuestro-environmental-documentary","status":"publish","type":"post","link":"https:\/\/www.chavinandez.com\/blog\/slemani-international-film-festival-selecciona-nuestro-environmental-documentary\/","title":{"rendered":"Slemani International Film Festival selecciona nuestro &#8220;Environmental documentary&#8221;"},"content":{"rendered":"\n<p>Slemani ( Sulaymaniyah ) es una ciudad al este de Iraq, en la regi\u00f3n del Kurdist\u00e1n. Est\u00e1 dentro de la red de ciudades creativas Patrimonio de la Humanidad por la UNESCO desde 2019. <\/p>\n\n\n\n<figure class=\"wp-block-image size-large\"><a href=\"https:\/\/www.chavinandez.com\/blog\/wp-content\/uploads\/2021\/10\/247138301_2026564197511994_4454301110004724804_n.jpg\"><img loading=\"lazy\" decoding=\"async\" width=\"1024\" height=\"449\" src=\"https:\/\/www.chavinandez.com\/blog\/wp-content\/uploads\/2021\/10\/247138301_2026564197511994_4454301110004724804_n-1024x449.jpg\" alt=\"\" class=\"wp-image-10289\" srcset=\"https:\/\/www.chavinandez.com\/blog\/wp-content\/uploads\/2021\/10\/247138301_2026564197511994_4454301110004724804_n-1024x449.jpg 1024w, https:\/\/www.chavinandez.com\/blog\/wp-content\/uploads\/2021\/10\/247138301_2026564197511994_4454301110004724804_n-480x211.jpg 480w, https:\/\/www.chavinandez.com\/blog\/wp-content\/uploads\/2021\/10\/247138301_2026564197511994_4454301110004724804_n-200x88.jpg 200w, https:\/\/www.chavinandez.com\/blog\/wp-content\/uploads\/2021\/10\/247138301_2026564197511994_4454301110004724804_n-768x337.jpg 768w, https:\/\/www.chavinandez.com\/blog\/wp-content\/uploads\/2021\/10\/247138301_2026564197511994_4454301110004724804_n-700x307.jpg 700w, https:\/\/www.chavinandez.com\/blog\/wp-content\/uploads\/2021\/10\/247138301_2026564197511994_4454301110004724804_n-332x146.jpg 332w, https:\/\/www.chavinandez.com\/blog\/wp-content\/uploads\/2021\/10\/247138301_2026564197511994_4454301110004724804_n.jpg 1397w\" sizes=\"auto, (max-width: 1024px) 100vw, 1024px\" \/><\/a><\/figure>\n\n\n\n<p>Preocupados por la cultura y tradici\u00f3n Kurda, el arte, las letras, la traducci\u00f3n de su legado y obras de inter\u00e9s para sus habitantes, tambi\u00e9n ser\u00e1 otro de los lugares en los que nuestro documental #elpaisajedelolivar estar\u00e1 presente en su 5th Festival Internacional de Cine, el pr\u00f3ximo diciembre. <\/p>\n\n\n\n<p>Con subt\u00edtulos en la lengua local, el Kurdo, para que toda su audiencia pueda comprender mejor parte de nuestra cultura y tradici\u00f3n del paisaje del olivar. <\/p>\n\n\n\n<p>Un lujo y oportunidad poder estar presentes all\u00ed. <\/p>\n\n\n\n<p>#slemani #filmfestival #documental #andalucia #elpaisajedelolivar<\/p>\n","protected":false},"excerpt":{"rendered":"<p>Slemani ( Sulaymaniyah ) es una ciudad al este de Iraq, en la regi\u00f3n del Kurdist\u00e1n. Est\u00e1 dentro de la red de ciudades creativas Patrimonio de la Humanidad por la UNESCO desde 2019. Preocupados por la cultura y tradici\u00f3n Kurda, el arte, las letras, la traducci\u00f3n de su legado y &#8230;<\/p>\n","protected":false},"author":1,"featured_media":10290,"comment_status":"closed","ping_status":"closed","sticky":false,"template":"","format":"standard","meta":{"footnotes":""},"categories":[2662,3078,53,7,3191,2483,356,3190,23,3],"tags":[3187,3114,3115,3098,3113,3132,3131,3192,3205,3206,3207],"class_list":["post-10288","post","type-post","status-publish","format-standard","has-post-thumbnail","hentry","category-agricultura","category-agroalimentacion","category-documental","category-experiencias","category-festivales-de-cine","category-filmacion","category-novedades","category-premios","category-promocion","category-videos","tag-el-paisaje-del-olivar-2","tag-documental-el-paisaje-del-olivar","tag-el-paisaje-de-los-olivares","tag-el-paisaje-del-olivar","tag-el-paisaje-del-olivar-documental","tag-el-paisaje-del-olivar-en-andalucia","tag-el-paisaje-del-olivar-en-aragon","tag-festivales-de-cine","tag-iraq","tag-kurdistan","tag-spanish-olive-grove","column","threecol","has-thumbnail"],"_links":{"self":[{"href":"https:\/\/www.chavinandez.com\/blog\/wp-json\/wp\/v2\/posts\/10288","targetHints":{"allow":["GET"]}}],"collection":[{"href":"https:\/\/www.chavinandez.com\/blog\/wp-json\/wp\/v2\/posts"}],"about":[{"href":"https:\/\/www.chavinandez.com\/blog\/wp-json\/wp\/v2\/types\/post"}],"author":[{"embeddable":true,"href":"https:\/\/www.chavinandez.com\/blog\/wp-json\/wp\/v2\/users\/1"}],"replies":[{"embeddable":true,"href":"https:\/\/www.chavinandez.com\/blog\/wp-json\/wp\/v2\/comments?post=10288"}],"version-history":[{"count":1,"href":"https:\/\/www.chavinandez.com\/blog\/wp-json\/wp\/v2\/posts\/10288\/revisions"}],"predecessor-version":[{"id":10291,"href":"https:\/\/www.chavinandez.com\/blog\/wp-json\/wp\/v2\/posts\/10288\/revisions\/10291"}],"wp:featuredmedia":[{"embeddable":true,"href":"https:\/\/www.chavinandez.com\/blog\/wp-json\/wp\/v2\/media\/10290"}],"wp:attachment":[{"href":"https:\/\/www.chavinandez.com\/blog\/wp-json\/wp\/v2\/media?parent=10288"}],"wp:term":[{"taxonomy":"category","embeddable":true,"href":"https:\/\/www.chavinandez.com\/blog\/wp-json\/wp\/v2\/categories?post=10288"},{"taxonomy":"post_tag","embeddable":true,"href":"https:\/\/www.chavinandez.com\/blog\/wp-json\/wp\/v2\/tags?post=10288"}],"curies":[{"name":"wp","href":"https:\/\/api.w.org\/{rel}","templated":true}]}}