{"id":10269,"date":"2021-10-17T20:03:29","date_gmt":"2021-10-17T19:03:29","guid":{"rendered":"https:\/\/www.chavinandez.com\/blog\/?p=10269"},"modified":"2021-10-28T12:47:06","modified_gmt":"2021-10-28T11:47:06","slug":"canal-sur-emite-un-reportaje-acerca-del-paisaje-del-olivar","status":"publish","type":"post","link":"https:\/\/www.chavinandez.com\/blog\/canal-sur-emite-un-reportaje-acerca-del-paisaje-del-olivar\/","title":{"rendered":"Canal Sur emite un reportaje de &#8220;El Paisaje del Olivar&#8221;"},"content":{"rendered":"\n<p>El s\u00e1bado 16 de octubre por la ma\u00f1ana, <strong>Mar\u00eda Jos\u00e9 G\u00f3mez-Biezma<\/strong>, coeditora de la cadena p\u00fablica andaluza Canal Sur y en concreto de programas como &#8220;<strong>Tierra y Mar<\/strong>&#8221; me avisaba unas horas antes que iba a emitirse en antena, el reportaje que semanas atr\u00e1s hab\u00edamos grabado en relaci\u00f3n al documental &#8220;<strong>El Paisaje del Olivar<\/strong>&#8221; en la localidad de <strong>Riogordo<\/strong> en la Axarqu\u00eda Malague\u00f1a.<\/p>\n\n\n\n<p>A las 11,40 de la ma\u00f1ana pudimos ver el reportaje. Una ocasi\u00f3n para ver como fu\u00e9 el <strong>rodaje<\/strong> del documental y tambi\u00e9n algo de su cometido, mensaje, y trayectoria actual en <strong>festivales<\/strong> internacionales.<\/p>\n\n\n\n<p>Agradezco enormemente a <strong>Jos\u00e9 Mar\u00eda Montero<\/strong> y <strong>Mar\u00eda Jos\u00e9 G\u00f3mez-Biezma<\/strong>, y tambi\u00e9n a la cadena andaluza, el haberme dado oportunidad y una ventana para poder mostrar parte del <strong>medio<\/strong> <strong>rural<\/strong> llevando al cine sus historias. <\/p>\n\n\n\n<p>Sirva este breve espacio televisivo ya de archivo, para seguir poniendo en valor no solo el paisaje del olivar, sino la cultura y tradici\u00f3n tanto de gentes y localidades del sur de espa\u00f1a que son protagonistas como el resto que participan en \u00e9ste viaje de norte a sur de la pen\u00ednsula que es el documental &#8220;<a rel=\"noreferrer noopener\" href=\"http:\/\/www.elpaisajedelolivar.com\" target=\"_blank\">El Paisaje del Olivar<\/a>&#8220;.<\/p>\n\n\n\n<p>Si quieres ver el reportaje aqu\u00ed en la imagen puedes hacerlo, espero que te guste.<\/p>\n\n\n\n<figure class=\"wp-block-image size-full\"><a href=\"https:\/\/youtu.be\/OSkO-LuosmQ\" target=\"_blank\" rel=\"noopener\"><img loading=\"lazy\" decoding=\"async\" width=\"1110\" height=\"628\" src=\"https:\/\/www.chavinandez.com\/blog\/wp-content\/uploads\/2021\/10\/elpaisaje-del-olivarcanalsur.jpg\" alt=\"Ver el reportaje\" class=\"wp-image-10270\" srcset=\"https:\/\/www.chavinandez.com\/blog\/wp-content\/uploads\/2021\/10\/elpaisaje-del-olivarcanalsur.jpg 1110w, https:\/\/www.chavinandez.com\/blog\/wp-content\/uploads\/2021\/10\/elpaisaje-del-olivarcanalsur-480x272.jpg 480w, https:\/\/www.chavinandez.com\/blog\/wp-content\/uploads\/2021\/10\/elpaisaje-del-olivarcanalsur-1024x579.jpg 1024w, https:\/\/www.chavinandez.com\/blog\/wp-content\/uploads\/2021\/10\/elpaisaje-del-olivarcanalsur-200x113.jpg 200w, https:\/\/www.chavinandez.com\/blog\/wp-content\/uploads\/2021\/10\/elpaisaje-del-olivarcanalsur-768x435.jpg 768w, https:\/\/www.chavinandez.com\/blog\/wp-content\/uploads\/2021\/10\/elpaisaje-del-olivarcanalsur-700x396.jpg 700w, https:\/\/www.chavinandez.com\/blog\/wp-content\/uploads\/2021\/10\/elpaisaje-del-olivarcanalsur-332x188.jpg 332w\" sizes=\"auto, (max-width: 1110px) 100vw, 1110px\" \/><\/a><\/figure>\n\n\n\n<p><\/p>\n","protected":false},"excerpt":{"rendered":"<p>El s\u00e1bado 16 de octubre por la ma\u00f1ana, Mar\u00eda Jos\u00e9 G\u00f3mez-Biezma, coeditora de la cadena p\u00fablica andaluza Canal Sur y en concreto de programas como &#8220;Tierra y Mar&#8221; me avisaba unas horas antes que iba a emitirse en antena, el reportaje que semanas atr\u00e1s hab\u00edamos grabado en relaci\u00f3n al documental &#8230;<\/p>\n","protected":false},"author":1,"featured_media":10274,"comment_status":"closed","ping_status":"closed","sticky":false,"template":"","format":"standard","meta":{"footnotes":""},"categories":[2662,3078,53,2482,3191,356,23,223,2337,3],"tags":[3174,3097,3096,3204,3196,3114,3113,3132,18,3202,3201,3198,3197,3093,3199],"class_list":["post-10269","post","type-post","status-publish","format-standard","has-post-thumbnail","hentry","category-agricultura","category-agroalimentacion","category-documental","category-drones","category-festivales-de-cine","category-novedades","category-promocion","category-reportajes","category-viajes","category-videos","tag-elpaisajedelolivar-2","tag-aceite-de-oliva-virgen-extra","tag-aove","tag-axarquia-malaguena","tag-canal-sur","tag-documental-el-paisaje-del-olivar","tag-el-paisaje-del-olivar-documental","tag-el-paisaje-del-olivar-en-andalucia","tag-etnografia","tag-jose-maria-montero","tag-maria-jose-gomez-diezma","tag-programa-espacio-protegido","tag-reportaje-television","tag-riogordo","tag-tierra-y-mar","column","threecol","has-thumbnail"],"_links":{"self":[{"href":"https:\/\/www.chavinandez.com\/blog\/wp-json\/wp\/v2\/posts\/10269","targetHints":{"allow":["GET"]}}],"collection":[{"href":"https:\/\/www.chavinandez.com\/blog\/wp-json\/wp\/v2\/posts"}],"about":[{"href":"https:\/\/www.chavinandez.com\/blog\/wp-json\/wp\/v2\/types\/post"}],"author":[{"embeddable":true,"href":"https:\/\/www.chavinandez.com\/blog\/wp-json\/wp\/v2\/users\/1"}],"replies":[{"embeddable":true,"href":"https:\/\/www.chavinandez.com\/blog\/wp-json\/wp\/v2\/comments?post=10269"}],"version-history":[{"count":13,"href":"https:\/\/www.chavinandez.com\/blog\/wp-json\/wp\/v2\/posts\/10269\/revisions"}],"predecessor-version":[{"id":10287,"href":"https:\/\/www.chavinandez.com\/blog\/wp-json\/wp\/v2\/posts\/10269\/revisions\/10287"}],"wp:featuredmedia":[{"embeddable":true,"href":"https:\/\/www.chavinandez.com\/blog\/wp-json\/wp\/v2\/media\/10274"}],"wp:attachment":[{"href":"https:\/\/www.chavinandez.com\/blog\/wp-json\/wp\/v2\/media?parent=10269"}],"wp:term":[{"taxonomy":"category","embeddable":true,"href":"https:\/\/www.chavinandez.com\/blog\/wp-json\/wp\/v2\/categories?post=10269"},{"taxonomy":"post_tag","embeddable":true,"href":"https:\/\/www.chavinandez.com\/blog\/wp-json\/wp\/v2\/tags?post=10269"}],"curies":[{"name":"wp","href":"https:\/\/api.w.org\/{rel}","templated":true}]}}